{"id":89303,"date":"2017-02-01T09:56:18","date_gmt":"2017-02-01T08:56:18","guid":{"rendered":"http:\/\/ms-frauenfeld.ac.at\/wordpress\/?p=89303"},"modified":"2018-06-29T08:31:32","modified_gmt":"2018-06-29T06:31:32","slug":"schulanmeldung-201718-tabletklasse-an-der-nnoems-schwechat-frauenfeld","status":"publish","type":"post","link":"https:\/\/ms-frauenfeld.ac.at\/wordpress\/schulanmeldung-201718-tabletklasse-an-der-nnoems-schwechat-frauenfeld\/","title":{"rendered":"Schulanmeldung 2017\/18: Tabletklasse an der NN\u00f6MS Schwechat-Frauenfeld"},"content":{"rendered":"<p><a href=\"http:\/\/ms-frauenfeld.ac.at\/wordpress\/wp-content\/uploads\/2017\/01\/Chromebook_Foto.jpg\"><img decoding=\"async\" loading=\"lazy\" class=\"alignleft size-thumbnail wp-image-89306\" src=\"http:\/\/ms-frauenfeld.ac.at\/wordpress\/wp-content\/uploads\/2017\/01\/Chromebook_Foto-150x150.jpg\" alt=\"\" width=\"150\" height=\"150\" srcset=\"https:\/\/ms-frauenfeld.ac.at\/wordpress\/wp-content\/uploads\/2017\/01\/Chromebook_Foto-150x150.jpg 150w, https:\/\/ms-frauenfeld.ac.at\/wordpress\/wp-content\/uploads\/2017\/01\/Chromebook_Foto-300x300.jpg 300w\" sizes=\"(max-width: 150px) 100vw, 150px\" \/><\/a><\/p>\n<p>Sch\u00fcler f\u00fcr die Digitale Welt vorzubereiten &#8211; dieses Ziel hat sich die NN\u00f6MS Schwechat-Frauenfeld gesetzt und startet ab dem Schuljahr 2017\/18 mit einer ersten Klasse ein neues, zukunftsweisendes Projekt: Die Tabletklasse!<\/p>\n<p>\u201eIn puncto Digitalisierung sollen Kindern und Jugendlichen k\u00fcnftig in der Schule digitale Kompetenzen vermittelt werden. Es gehe um den Umgang mit Wissen im Internet, um Themen wie Cybermobbing und Hassposting (\u2026). Sch\u00fcler sollen mit Handwerkszeug f\u00fcr kritisches Hinterfragen (\u2026) ausgestattet werden \u2026\u201c, erkl\u00e4rte die Bundesministerin f\u00fcr Bildung, Sonja Hammerschmid am 9.1.2017 in den Medien. (<a href=\"https:\/\/kurier.at\/politik\/inland\/bildungsministerin-sonja-hammerschmid-will-grundkonsens-beim-schulautonomiepaket-und-staerker-digitale-kompetenzen-lehren\/240.112.864\">https:\/\/kurier.at\/politik\/inland\/bildungsministerin-sonja-hammerschmid-will-grundkonsens-beim-schulautonomiepaket-und-staerker-digitale-kompetenzen-lehren\/240.112.864<\/a>).<\/p>\n<p>Dieses Ziel hat sich die NMS Schwechat-Frauenfeld mit den F\u00e4chern Informatik (1. und 2. Klasse) sowie dem Wahlpflichtfach DigiFit (3. und 4. Klasse) bereits vor einigen Jahren gesetzt. Nun geht die NMS Schwechat Frauenfeld einen Schritt weiter: Ab dem Schuljahr 2017\/18 soll eine der ersten \u00a0Klassen als \u201eTabletklasse\u201c vermehrten Unterricht in den Bereichen digitale Kompetenz und Computeranwendung etc. erhalten. Alle Sch\u00fclerinnen und Sch\u00fcler dieser Klasse besitzen ein Tablet, dieses wird in m\u00f6glichst vielen F\u00e4chern vermehrt einbezogen, z.B. mit digitalen Schulb\u00fcchern auf dem Tablet, Learning Apps, Online-Aufgaben, Internetrecherche usw. Geplant ist ein aufbauendes Konzept, bei dem in Zukunft im Idealfall m\u00f6glichst alle Sch\u00fclerinnen und Sch\u00fcler der NMS Schechat-Frauenfeld mit entsprechenden Ger\u00e4ten ausgestattet sind.<\/p>\n<p>Je nach Interesse der Sch\u00fclerinnen und Sch\u00fcler bzw. der Eltern kann diese Idee bald zur Realit\u00e4t werden \u2026<\/p>\n<p><span style=\"font-size: 18pt;\"><strong><a href=\"http:\/\/ms-frauenfeld.ac.at\/wordpress\/wp-content\/uploads\/2017\/01\/Schulanmeldung-17_18_neu.pdf\" target=\"_blank\" rel=\"noopener\"><span style=\"font-size: 14pt;\">Schulanmeldung 2017\/18 &#8211;<\/span> hier klicken&#8230;<\/a><\/strong><\/span><\/p>\n","protected":false},"excerpt":{"rendered":"<p>Sch\u00fcler f\u00fcr die Digitale Welt vorzubereiten &#8211; dieses Ziel hat sich die NN\u00f6MS Schwechat-Frauenfeld gesetzt und startet ab dem Schuljahr 2017\/18 mit einer ersten Klasse ein neues, zukunftsweisendes Projekt: Die\u2026<\/p>\n<p class=\"continue-reading-button\"> <a class=\"continue-reading-link\" href=\"https:\/\/ms-frauenfeld.ac.at\/wordpress\/schulanmeldung-201718-tabletklasse-an-der-nnoems-schwechat-frauenfeld\/\">Lesen Sie mehr&#8230;<i class=\"crycon-right-dir\"><\/i><\/a><\/p>\n","protected":false},"author":3,"featured_media":89305,"comment_status":"closed","ping_status":"closed","sticky":false,"template":"","format":"standard","meta":{"footnotes":""},"categories":[1],"tags":[108,135],"_links":{"self":[{"href":"https:\/\/ms-frauenfeld.ac.at\/wordpress\/wp-json\/wp\/v2\/posts\/89303"}],"collection":[{"href":"https:\/\/ms-frauenfeld.ac.at\/wordpress\/wp-json\/wp\/v2\/posts"}],"about":[{"href":"https:\/\/ms-frauenfeld.ac.at\/wordpress\/wp-json\/wp\/v2\/types\/post"}],"author":[{"embeddable":true,"href":"https:\/\/ms-frauenfeld.ac.at\/wordpress\/wp-json\/wp\/v2\/users\/3"}],"replies":[{"embeddable":true,"href":"https:\/\/ms-frauenfeld.ac.at\/wordpress\/wp-json\/wp\/v2\/comments?post=89303"}],"version-history":[{"count":0,"href":"https:\/\/ms-frauenfeld.ac.at\/wordpress\/wp-json\/wp\/v2\/posts\/89303\/revisions"}],"wp:featuredmedia":[{"embeddable":true,"href":"https:\/\/ms-frauenfeld.ac.at\/wordpress\/wp-json\/wp\/v2\/media\/89305"}],"wp:attachment":[{"href":"https:\/\/ms-frauenfeld.ac.at\/wordpress\/wp-json\/wp\/v2\/media?parent=89303"}],"wp:term":[{"taxonomy":"category","embeddable":true,"href":"https:\/\/ms-frauenfeld.ac.at\/wordpress\/wp-json\/wp\/v2\/categories?post=89303"},{"taxonomy":"post_tag","embeddable":true,"href":"https:\/\/ms-frauenfeld.ac.at\/wordpress\/wp-json\/wp\/v2\/tags?post=89303"}],"curies":[{"name":"wp","href":"https:\/\/api.w.org\/{rel}","templated":true}]}}