{"id":90172,"date":"2017-08-21T18:33:20","date_gmt":"2017-08-21T16:33:20","guid":{"rendered":"http:\/\/ms-frauenfeld.ac.at\/wordpress\/?p=90172"},"modified":"2019-01-22T15:26:18","modified_gmt":"2019-01-22T14:26:18","slug":"die-nms-startet-mit-der-tabletklasse","status":"publish","type":"post","link":"https:\/\/ms-frauenfeld.ac.at\/wordpress\/die-nms-startet-mit-der-tabletklasse\/","title":{"rendered":"Die NMS startet mit der Tabletklasse"},"content":{"rendered":"<p><a href=\"http:\/\/ms-frauenfeld.ac.at\/wordpress\/wp-content\/uploads\/2017\/01\/Chromebook_Foto.jpg\"><img decoding=\"async\" loading=\"lazy\" class=\"alignleft size-thumbnail wp-image-89306\" src=\"http:\/\/ms-frauenfeld.ac.at\/wordpress\/wp-content\/uploads\/2017\/01\/Chromebook_Foto-150x150.jpg\" alt=\"\" width=\"150\" height=\"150\" srcset=\"https:\/\/ms-frauenfeld.ac.at\/wordpress\/wp-content\/uploads\/2017\/01\/Chromebook_Foto-150x150.jpg 150w, https:\/\/ms-frauenfeld.ac.at\/wordpress\/wp-content\/uploads\/2017\/01\/Chromebook_Foto-300x300.jpg 300w\" sizes=\"(max-width: 150px) 100vw, 150px\" \/><\/a>\u00a0Sch\u00fcler f\u00fcr die Digitale Welt vorzubereiten \u2013 dieses Ziel hat sich die NN\u00f6MS Schwechat-Frauenfeld gesetzt und startet ab dem Schuljahr 2017\/18 mit einer ersten Klasse ein neues, zukunftsweisendes Projekt: Die Tabletklasse!<\/p>\n<p>\u201eIn puncto Digitalisierung sollen Kindern und Jugendlichen k\u00fcnftig in der Schule digitale Kompetenzen vermittelt werden. Es gehe um den Umgang mit Wissen im Internet, um Themen wie Cybermobbing und Hassposting (\u2026). Sch\u00fcler sollen mit Handwerkszeug f\u00fcr kritisches Hinterfragen (\u2026) ausgestattet werden \u2026\u201c, erkl\u00e4rte die Bundesministerin f\u00fcr Bildung, Sonja Hammerschmid am 9.1.2017 in den Medien. (<a href=\"https:\/\/kurier.at\/politik\/inland\/bildungsministerin-sonja-hammerschmid-will-grundkonsens-beim-schulautonomiepaket-und-staerker-digitale-kompetenzen-lehren\/240.112.864\">https:\/\/kurier.at\/politik\/inland\/bildungsministerin-sonja-hammerschmid-will-grundkonsens-beim-schulautonomiepaket-und-staerker-digitale-kompetenzen-lehren\/240.112.864<\/a>).<\/p>\n<p>Dieses Ziel hat sich die NMS Schwechat-Frauenfeld mit den F\u00e4chern Informatik (1. und 2. Klasse) sowie dem Wahlpflichtfach DigiFit (3. und 4. Klasse) bereits vor einigen Jahren gesetzt. Nun geht die NMS Schwechat Frauenfeld einen Schritt weiter: Ab dem Schuljahr 2017\/18 soll die 1c als \u201eTabletklasse\u201c vermehrten Unterricht in den Bereichen digitale Kompetenz und Computeranwendung etc. erhalten. Alle Sch\u00fclerinnen und Sch\u00fcler dieser Klasse besitzen ein &#8222;Tablet&#8220;, dieses wird in m\u00f6glichst vielen F\u00e4chern eingesetzt. Es gibt z.B.\u00a0 digitale Schulb\u00fccher auf dem Tablet, Learning Apps, Online-Aufgaben, Internetrecherche usw. Geplant ist ein aufbauendes Konzept, bei dem in Zukunft im Idealfall m\u00f6glichst alle Sch\u00fclerinnen und Sch\u00fcler der NN\u00f6MS Schechat-Frauenfeld mit entsprechenden Ger\u00e4ten ausgestattet sind.<\/p>\n<p><a href=\"http:\/\/ms-frauenfeld.ac.at\/wordpress\/wp-content\/uploads\/2017\/01\/Chromebook_Foto.jpg\"><img decoding=\"async\" loading=\"lazy\" class=\"alignleft size-thumbnail wp-image-89306\" src=\"http:\/\/ms-frauenfeld.ac.at\/wordpress\/wp-content\/uploads\/2017\/01\/Chromebook_Foto-150x150.jpg\" alt=\"\" width=\"150\" height=\"150\" srcset=\"https:\/\/ms-frauenfeld.ac.at\/wordpress\/wp-content\/uploads\/2017\/01\/Chromebook_Foto-150x150.jpg 150w, https:\/\/ms-frauenfeld.ac.at\/wordpress\/wp-content\/uploads\/2017\/01\/Chromebook_Foto-300x300.jpg 300w\" sizes=\"(max-width: 150px) 100vw, 150px\" \/><\/a><\/p>\n","protected":false},"excerpt":{"rendered":"<p>\u00a0Sch\u00fcler f\u00fcr die Digitale Welt vorzubereiten \u2013 dieses Ziel hat sich die NN\u00f6MS Schwechat-Frauenfeld gesetzt und startet ab dem Schuljahr 2017\/18 mit einer ersten Klasse ein neues, zukunftsweisendes Projekt: Die\u2026<\/p>\n<p class=\"continue-reading-button\"> <a class=\"continue-reading-link\" href=\"https:\/\/ms-frauenfeld.ac.at\/wordpress\/die-nms-startet-mit-der-tabletklasse\/\">Lesen Sie mehr&#8230;<i class=\"crycon-right-dir\"><\/i><\/a><\/p>\n","protected":false},"author":3,"featured_media":90178,"comment_status":"closed","ping_status":"closed","sticky":false,"template":"","format":"standard","meta":{"footnotes":""},"categories":[1],"tags":[104,108,135],"_links":{"self":[{"href":"https:\/\/ms-frauenfeld.ac.at\/wordpress\/wp-json\/wp\/v2\/posts\/90172"}],"collection":[{"href":"https:\/\/ms-frauenfeld.ac.at\/wordpress\/wp-json\/wp\/v2\/posts"}],"about":[{"href":"https:\/\/ms-frauenfeld.ac.at\/wordpress\/wp-json\/wp\/v2\/types\/post"}],"author":[{"embeddable":true,"href":"https:\/\/ms-frauenfeld.ac.at\/wordpress\/wp-json\/wp\/v2\/users\/3"}],"replies":[{"embeddable":true,"href":"https:\/\/ms-frauenfeld.ac.at\/wordpress\/wp-json\/wp\/v2\/comments?post=90172"}],"version-history":[{"count":0,"href":"https:\/\/ms-frauenfeld.ac.at\/wordpress\/wp-json\/wp\/v2\/posts\/90172\/revisions"}],"wp:featuredmedia":[{"embeddable":true,"href":"https:\/\/ms-frauenfeld.ac.at\/wordpress\/wp-json\/wp\/v2\/media\/90178"}],"wp:attachment":[{"href":"https:\/\/ms-frauenfeld.ac.at\/wordpress\/wp-json\/wp\/v2\/media?parent=90172"}],"wp:term":[{"taxonomy":"category","embeddable":true,"href":"https:\/\/ms-frauenfeld.ac.at\/wordpress\/wp-json\/wp\/v2\/categories?post=90172"},{"taxonomy":"post_tag","embeddable":true,"href":"https:\/\/ms-frauenfeld.ac.at\/wordpress\/wp-json\/wp\/v2\/tags?post=90172"}],"curies":[{"name":"wp","href":"https:\/\/api.w.org\/{rel}","templated":true}]}}