{"id":92756,"date":"2019-05-24T17:56:44","date_gmt":"2019-05-24T15:56:44","guid":{"rendered":"http:\/\/ms-frauenfeld.ac.at\/wordpress\/?p=92756"},"modified":"2019-05-27T20:35:35","modified_gmt":"2019-05-27T18:35:35","slug":"nms-schwechat-mit-bo-guetesiegel-2019-ausgezeichnet","status":"publish","type":"post","link":"https:\/\/ms-frauenfeld.ac.at\/wordpress\/nms-schwechat-mit-bo-guetesiegel-2019-ausgezeichnet\/","title":{"rendered":"NMS-Schwechat mit BO-G\u00fctesiegel 2019 ausgezeichnet"},"content":{"rendered":"<p>Da in unserer Schule Berufsorientierung als sehr wichtig angesehen wird, haben wir uns um das BO-G\u00fctesiegel beworben. Unsere Sch\u00fclerinnen und Sch\u00fcler sollen die bestm\u00f6gliche Beratung bez\u00fcglich &#8222;Mein weiterer Berufsweg&#8220; erhalten. Deshalb bem\u00fcht sich die NMS Schwechat-Frauenfeld bestm\u00f6gliche Quailifikationen (G\u00fctesiegeln) zu erhalten, um diesen Anspruch gerecht zu werden.<\/p>\n<p><a href=\"http:\/\/ms-frauenfeld.ac.at\/wordpress\/wp-content\/uploads\/2019\/05\/BO_Guetesiegel_2022_II.jpg\"><img decoding=\"async\" loading=\"lazy\" class=\"alignleft wp-image-92754 size-medium\" src=\"http:\/\/ms-frauenfeld.ac.at\/wordpress\/wp-content\/uploads\/2019\/05\/BO_Guetesiegel_2022_II-275x300.jpg\" alt=\"\" width=\"275\" height=\"300\" \/><\/a><\/p>\n<p>Ein Komitee aus Vertretern verschiedenster Berufssparten und Mitgliedern der Wirtschaftskammer, unter anderem die Pr\u00e4sidentin der Wirtschaftskammer N\u00d6 Frau Sonja Zwazl, hat die Einreichung beurteilt und das G\u00fctesiegel verliehen.<\/p>\n","protected":false},"excerpt":{"rendered":"<p>Da in unserer Schule Berufsorientierung als sehr wichtig angesehen wird, haben wir uns um das BO-G\u00fctesiegel beworben. Unsere Sch\u00fclerinnen und Sch\u00fcler sollen die bestm\u00f6gliche Beratung bez\u00fcglich &#8222;Mein weiterer Berufsweg&#8220; erhalten.\u2026<\/p>\n<p class=\"continue-reading-button\"> <a class=\"continue-reading-link\" href=\"https:\/\/ms-frauenfeld.ac.at\/wordpress\/nms-schwechat-mit-bo-guetesiegel-2019-ausgezeichnet\/\">Lesen Sie mehr&#8230;<i class=\"crycon-right-dir\"><\/i><\/a><\/p>\n","protected":false},"author":41,"featured_media":92754,"comment_status":"closed","ping_status":"closed","sticky":false,"template":"","format":"standard","meta":{"footnotes":""},"categories":[1],"tags":[230,98,174],"_links":{"self":[{"href":"https:\/\/ms-frauenfeld.ac.at\/wordpress\/wp-json\/wp\/v2\/posts\/92756"}],"collection":[{"href":"https:\/\/ms-frauenfeld.ac.at\/wordpress\/wp-json\/wp\/v2\/posts"}],"about":[{"href":"https:\/\/ms-frauenfeld.ac.at\/wordpress\/wp-json\/wp\/v2\/types\/post"}],"author":[{"embeddable":true,"href":"https:\/\/ms-frauenfeld.ac.at\/wordpress\/wp-json\/wp\/v2\/users\/41"}],"replies":[{"embeddable":true,"href":"https:\/\/ms-frauenfeld.ac.at\/wordpress\/wp-json\/wp\/v2\/comments?post=92756"}],"version-history":[{"count":0,"href":"https:\/\/ms-frauenfeld.ac.at\/wordpress\/wp-json\/wp\/v2\/posts\/92756\/revisions"}],"wp:featuredmedia":[{"embeddable":true,"href":"https:\/\/ms-frauenfeld.ac.at\/wordpress\/wp-json\/wp\/v2\/media\/92754"}],"wp:attachment":[{"href":"https:\/\/ms-frauenfeld.ac.at\/wordpress\/wp-json\/wp\/v2\/media?parent=92756"}],"wp:term":[{"taxonomy":"category","embeddable":true,"href":"https:\/\/ms-frauenfeld.ac.at\/wordpress\/wp-json\/wp\/v2\/categories?post=92756"},{"taxonomy":"post_tag","embeddable":true,"href":"https:\/\/ms-frauenfeld.ac.at\/wordpress\/wp-json\/wp\/v2\/tags?post=92756"}],"curies":[{"name":"wp","href":"https:\/\/api.w.org\/{rel}","templated":true}]}}