{"id":93075,"date":"2019-06-26T08:33:01","date_gmt":"2019-06-26T06:33:01","guid":{"rendered":"http:\/\/ms-frauenfeld.ac.at\/wordpress\/?p=93075"},"modified":"2021-04-01T14:56:15","modified_gmt":"2021-04-01T12:56:15","slug":"auszeichnungen-auszeichnungen-auszeichnungen","status":"publish","type":"post","link":"https:\/\/ms-frauenfeld.ac.at\/wordpress\/auszeichnungen-auszeichnungen-auszeichnungen\/","title":{"rendered":"Auszeichnungen, Auszeichnungen, Auszeichnungen&#8230;"},"content":{"rendered":"<p>&nbsp;<\/p>\n<table style=\"border-collapse: collapse; width: 100%;\">\n<tbody>\n<tr>\n<td style=\"width: 50%;\"><a href=\"http:\/\/ms-frauenfeld.ac.at\/wordpress\/wp-content\/uploads\/2019\/06\/f26c125e657dea93d029d657f518200f.png\"><img decoding=\"async\" loading=\"lazy\" class=\"alignnone wp-image-92965\" src=\"http:\/\/ms-frauenfeld.ac.at\/wordpress\/wp-content\/uploads\/2019\/06\/f26c125e657dea93d029d657f518200f.png\" alt=\"\" width=\"200\" height=\"200\" \/><\/a><\/td>\n<td style=\"width: 49.881%;\">Aufgrund der erbrachten und nachgewiesenen Leistungen zur digitalen und informatischen Bildung&#8230;<\/p>\n<p><a href=\"http:\/\/ms-frauenfeld.ac.at\/wordpress\/auszeichnung\/\" target=\"_blank\" rel=\"noopener noreferrer\">weitere Informationen &#8211; hier klicken&#8230;<\/a><\/p>\n<p><a href=\"https:\/\/nms.tsn.at\/content\/eeducation-expert-plus-schule\" target=\"_blank\" rel=\"noopener noreferrer\">https:\/\/nms.tsn.at\/content\/eeducation-expert-plus-schule<\/a><\/td>\n<\/tr>\n<tr>\n<td style=\"width: 50%;\"><a href=\"http:\/\/ms-frauenfeld.ac.at\/wordpress\/wp-content\/uploads\/2017\/12\/eeducation_Logo2.jpg\"><img decoding=\"async\" loading=\"lazy\" class=\"alignleft wp-image-90727\" src=\"http:\/\/ms-frauenfeld.ac.at\/wordpress\/wp-content\/uploads\/2017\/12\/eeducation_Logo2.jpg\" alt=\"\" width=\"192\" height=\"200\" \/><\/a><\/td>\n<td style=\"width: 49.881%;\">Diese Auszeichnung haben wir bekommen, indem wir in vielen Bereichen der digitalen Medien t\u00e4tig sind.<\/p>\n<p><a href=\"http:\/\/ms-frauenfeld.ac.at\/wordpress\/angebote\/eeducation\/\" target=\"_blank\" rel=\"noopener noreferrer\">weitere Informationen &#8211; hier klicken&#8230;<\/a><\/p>\n<p><a href=\"https:\/\/eeducation.at\/\" target=\"_blank\" rel=\"noopener noreferrer\">https:\/\/eeducation.at\/<\/a><\/td>\n<\/tr>\n<tr>\n<td style=\"width: 50%;\"><a href=\"http:\/\/ms-frauenfeld.ac.at\/wordpress\/wp-content\/uploads\/2019\/06\/ecdl.png\"><img decoding=\"async\" loading=\"lazy\" class=\"alignleft wp-image-92934\" src=\"http:\/\/ms-frauenfeld.ac.at\/wordpress\/wp-content\/uploads\/2019\/06\/ecdl-300x102.png\" alt=\"\" width=\"200\" height=\"68\" srcset=\"https:\/\/ms-frauenfeld.ac.at\/wordpress\/wp-content\/uploads\/2019\/06\/ecdl-300x102.png 300w, https:\/\/ms-frauenfeld.ac.at\/wordpress\/wp-content\/uploads\/2019\/06\/ecdl-150x51.png 150w, https:\/\/ms-frauenfeld.ac.at\/wordpress\/wp-content\/uploads\/2019\/06\/ecdl.png 385w\" sizes=\"(max-width: 200px) 100vw, 200px\" \/><\/a><\/td>\n<td style=\"width: 49.881%;\">Der ECDL ist ein international anerkanntes\u00a0Zertifikat\u00a0f\u00fcr Computerbenutzer!<\/p>\n<p><a href=\"http:\/\/ms-frauenfeld.ac.at\/wordpress\/ecdl\/\" target=\"_blank\" rel=\"noopener noreferrer\">weitere Informationen &#8211; hier klicken&#8230;<\/a><\/p>\n<p><a href=\"https:\/\/www.ecdl.at\/de\/schule\" target=\"_blank\" rel=\"noopener noreferrer\">https:\/\/www.ecdl.at\/de\/schule<\/a><\/td>\n<\/tr>\n<tr>\n<td style=\"width: 50%;\"><a href=\"https:\/\/ms-frauenfeld.ac.at\/wordpress\/wp-content\/uploads\/2017\/03\/Logo_BewegteSchule3.jpg\"><img decoding=\"async\" loading=\"lazy\" class=\"alignleft size-thumbnail wp-image-89571\" src=\"https:\/\/ms-frauenfeld.ac.at\/wordpress\/wp-content\/uploads\/2017\/03\/Logo_BewegteSchule3-150x150.jpg\" alt=\"\" width=\"150\" height=\"150\" srcset=\"https:\/\/ms-frauenfeld.ac.at\/wordpress\/wp-content\/uploads\/2017\/03\/Logo_BewegteSchule3-150x150.jpg 150w, https:\/\/ms-frauenfeld.ac.at\/wordpress\/wp-content\/uploads\/2017\/03\/Logo_BewegteSchule3-300x300.jpg 300w\" sizes=\"(max-width: 150px) 100vw, 150px\" \/><\/a><\/td>\n<td style=\"width: 49.881%;\">Warum m\u00fcssen Sch\u00fclerinnen und Sch\u00fcler im Unterricht immer still sitzen?<\/p>\n<p><a href=\"http:\/\/ms-frauenfeld.ac.at\/wordpress\/bewegtes-lernen\/\" target=\"_blank\" rel=\"noopener noreferrer\">weitere Informationen &#8211; hier klicken&#8230;<\/a><\/p>\n<p><a href=\"http:\/\/www.bewegteschule.at\/\" target=\"_blank\" rel=\"noopener noreferrer\">http:\/\/www.bewegteschule.at\/<\/a><\/td>\n<\/tr>\n<tr>\n<td style=\"width: 50%;\"><a href=\"http:\/\/ms-frauenfeld.ac.at\/wordpress\/wp-content\/uploads\/2018\/03\/seed_400.jpg\"><img decoding=\"async\" loading=\"lazy\" class=\"alignleft wp-image-91222\" src=\"http:\/\/ms-frauenfeld.ac.at\/wordpress\/wp-content\/uploads\/2018\/03\/seed_400-300x131.jpg\" alt=\"\" width=\"200\" height=\"87\" srcset=\"https:\/\/ms-frauenfeld.ac.at\/wordpress\/wp-content\/uploads\/2018\/03\/seed_400-300x131.jpg 300w, https:\/\/ms-frauenfeld.ac.at\/wordpress\/wp-content\/uploads\/2018\/03\/seed_400-150x65.jpg 150w, https:\/\/ms-frauenfeld.ac.at\/wordpress\/wp-content\/uploads\/2018\/03\/seed_400.jpg 400w\" sizes=\"(max-width: 200px) 100vw, 200px\" \/><\/a><\/td>\n<td style=\"width: 49.881%;\">Das Projekt &#8230; m\u00f6chte Sch\u00fclerInnen und auch Lehrkr\u00e4ften den Einstieg ins \u201eProgrammieren\u201c spielerisch leicht machen.<\/p>\n<p><a href=\"http:\/\/ms-frauenfeld.ac.at\/wordpress\/mit-seed-an-der-nms\/\" target=\"_blank\" rel=\"noopener noreferrer\">weitere Informationen &#8211; hier klicken&#8230;<\/a><\/p>\n<p><a href=\"http:\/\/www.seedprogram.at\/projekte-maerz-18\/\" target=\"_blank\" rel=\"noopener noreferrer\">www.seedprogramm.at<\/a><\/p>\n<p>&nbsp;<\/td>\n<\/tr>\n<tr>\n<td style=\"width: 50%;\"><a href=\"http:\/\/ms-frauenfeld.ac.at\/wordpress\/wp-content\/uploads\/2019\/06\/mint-guetesiegel2019_RGB_large.jpg\"><img decoding=\"async\" loading=\"lazy\" class=\"alignleft wp-image-92858\" src=\"http:\/\/ms-frauenfeld.ac.at\/wordpress\/wp-content\/uploads\/2019\/06\/mint-guetesiegel2019_RGB_large-300x144.jpg\" alt=\"\" width=\"200\" height=\"96\" srcset=\"https:\/\/ms-frauenfeld.ac.at\/wordpress\/wp-content\/uploads\/2019\/06\/mint-guetesiegel2019_RGB_large-300x144.jpg 300w, https:\/\/ms-frauenfeld.ac.at\/wordpress\/wp-content\/uploads\/2019\/06\/mint-guetesiegel2019_RGB_large-768x368.jpg 768w, https:\/\/ms-frauenfeld.ac.at\/wordpress\/wp-content\/uploads\/2019\/06\/mint-guetesiegel2019_RGB_large-644x308.jpg 644w, https:\/\/ms-frauenfeld.ac.at\/wordpress\/wp-content\/uploads\/2019\/06\/mint-guetesiegel2019_RGB_large-150x72.jpg 150w, https:\/\/ms-frauenfeld.ac.at\/wordpress\/wp-content\/uploads\/2019\/06\/mint-guetesiegel2019_RGB_large.jpg 1024w\" sizes=\"(max-width: 200px) 100vw, 200px\" \/><\/a><\/td>\n<td style=\"width: 49.881%;\">Der Begriff setzt sich aus den Anfangsbuchstaben von Mathematik, Informatik, Naturwissenschaften und Technik zusammen und findet in der NMS Schwechat-Frauenfeld vermehrt Niederschlag im Pflicht- und Schwerpunktunterricht&#8230;<\/p>\n<p><a href=\"http:\/\/ms-frauenfeld.ac.at\/wordpress\/mint-guetesiegel\/\" target=\"_blank\" rel=\"noopener noreferrer\">weitere Informationen &#8211; hier klicken&#8230;<\/a><\/p>\n<p><a href=\"https:\/\/www.mintschule.at\/\" target=\"_blank\" rel=\"noopener noreferrer\">https:\/\/www.mintschule.at\/<\/a><\/td>\n<\/tr>\n<tr>\n<td style=\"width: 50%;\"><a href=\"http:\/\/ms-frauenfeld.ac.at\/wordpress\/wp-content\/uploads\/2019\/05\/BO_Guetesiegel_2022_II.jpg\"><img decoding=\"async\" loading=\"lazy\" class=\"alignleft wp-image-92754\" src=\"http:\/\/ms-frauenfeld.ac.at\/wordpress\/wp-content\/uploads\/2019\/05\/BO_Guetesiegel_2022_II.jpg\" alt=\"\" width=\"184\" height=\"200\" \/><\/a><\/td>\n<td style=\"width: 49.881%;\">Dieses G\u00fctesiegel wird nach einem Kriterienkatalog an Schulen verliehen, die sich besonders im Bereich von Berufsorientierungsma\u00dfnahmen engagieren.<\/p>\n<p><a href=\"http:\/\/ms-frauenfeld.ac.at\/wordpress\/noen-wifi-guetesiegel\/\" target=\"_blank\" rel=\"noopener noreferrer\">weitere Informationen &#8211; hier klicken&#8230;<\/a><\/p>\n<p><a href=\"http:\/\/www.wifi-biz.at\/ueber-uns\/bo-guetesiegel\/\" target=\"_blank\" rel=\"noopener noreferrer\">http:\/\/www.wifi-biz.at\/ueber-uns\/bo-guetesiegel\/<\/a><\/td>\n<\/tr>\n<tr>\n<td style=\"width: 50%;\"><a href=\"https:\/\/ms-frauenfeld.ac.at\/wordpress\/wp-content\/uploads\/2017\/12\/erstehilfefit.jpg\"><img decoding=\"async\" loading=\"lazy\" class=\"alignleft size-thumbnail wp-image-90755\" src=\"https:\/\/ms-frauenfeld.ac.at\/wordpress\/wp-content\/uploads\/2017\/12\/erstehilfefit-150x150.jpg\" alt=\"\" width=\"150\" height=\"150\" \/><\/a><\/td>\n<td style=\"width: 49.881%;\">Jedes Kind soll wissen, was Erste Hilfe ist und was zu tun ist, wenn es darauf ankommt.<\/p>\n<p><a href=\"http:\/\/ms-frauenfeld.ac.at\/wordpress\/erste-hilfe-fit\/\" target=\"_blank\" rel=\"noopener noreferrer\">weitere Informationen &#8211; hier klicken&#8230;<\/a><\/p>\n<p><a href=\"https:\/\/www.erstehilfefit.at\/\" target=\"_blank\" rel=\"noopener noreferrer\">https:\/\/www.erstehilfefit.at\/<\/a><\/p>\n<p>&nbsp;<\/td>\n<\/tr>\n<tr>\n<td style=\"width: 50%;\"><a href=\"http:\/\/ms-frauenfeld.ac.at\/wordpress\/wp-content\/uploads\/2018\/04\/e-olympics_2018_logo.jpg\"><img decoding=\"async\" loading=\"lazy\" class=\"alignleft wp-image-91259 size-full\" src=\"http:\/\/ms-frauenfeld.ac.at\/wordpress\/wp-content\/uploads\/2018\/04\/e-olympics_2018_logo.jpg\" alt=\"\" width=\"184\" height=\"82\" srcset=\"https:\/\/ms-frauenfeld.ac.at\/wordpress\/wp-content\/uploads\/2018\/04\/e-olympics_2018_logo.jpg 184w, https:\/\/ms-frauenfeld.ac.at\/wordpress\/wp-content\/uploads\/2018\/04\/e-olympics_2018_logo-150x67.jpg 150w\" sizes=\"(max-width: 184px) 100vw, 184px\" \/><\/a><\/td>\n<td style=\"width: 49.881%;\">Unter der Leitung von Englisch-Lehrerin und Klassenvorst\u00e4ndin Katharina Eder haben\u00a0Dominik Balko, Pascal Fr\u00fchwirth, Sarah Haiduk und Jessica Petrovic\u00a0am 8.3. bei den\u00a0<strong>English Olympics 2017\u00a0den 1. Platz<\/strong>\u00a0f\u00fcr die NMS Schwechat-Frauenfeld geholt!<\/p>\n<p><a href=\"http:\/\/ms-frauenfeld.ac.at\/wordpress\/angebote\/english-olympics\/\" target=\"_blank\" rel=\"noopener noreferrer\">weitere Informationen &#8211; hier klicken&#8230;<\/a><\/td>\n<\/tr>\n<tr>\n<td style=\"width: 50%;\"><a href=\"http:\/\/ms-frauenfeld.ac.at\/wordpress\/wp-content\/uploads\/2019\/03\/EU_flag-Erasmus__vect_POS-e1554135621192.jpg\"><img decoding=\"async\" loading=\"lazy\" class=\"alignleft wp-image-92598\" src=\"http:\/\/ms-frauenfeld.ac.at\/wordpress\/wp-content\/uploads\/2019\/03\/EU_flag-Erasmus__vect_POS-e1554135621192.jpg\" alt=\"\" width=\"200\" height=\"57\" \/><\/a><\/td>\n<td style=\"width: 49.881%;\">The past school year students from class 1a regularly dealt with the culture and language of our neighbouring country Hungary.<\/p>\n<p><a href=\"http:\/\/ms-frauenfeld.ac.at\/wordpress\/erasmus-projekt-an-der-nnoems-gefoerdert-von-der-europaeischen-union\/\" target=\"_blank\" rel=\"noopener noreferrer\">weitere Informationen &#8211; hier klicken&#8230;<\/a><\/p>\n<p><a href=\"https:\/\/erasmusplus.at\/\" target=\"_blank\" rel=\"noopener noreferrer\">https:\/\/erasmusplus.at\/<\/a><\/td>\n<\/tr>\n<tr>\n<td style=\"width: 50%;\"><a href=\"http:\/\/ms-frauenfeld.ac.at\/wordpress\/wp-content\/uploads\/2015\/07\/oekolog_gross.jpg\"><img decoding=\"async\" loading=\"lazy\" class=\"alignleft wp-image-819\" src=\"http:\/\/ms-frauenfeld.ac.at\/wordpress\/wp-content\/uploads\/2015\/07\/oekolog_gross-300x84.jpg\" alt=\"\" width=\"200\" height=\"56\" srcset=\"https:\/\/ms-frauenfeld.ac.at\/wordpress\/wp-content\/uploads\/2015\/07\/oekolog_gross-300x84.jpg 300w, https:\/\/ms-frauenfeld.ac.at\/wordpress\/wp-content\/uploads\/2015\/07\/oekolog_gross-644x180.jpg 644w, https:\/\/ms-frauenfeld.ac.at\/wordpress\/wp-content\/uploads\/2015\/07\/oekolog_gross.jpg 800w\" sizes=\"(max-width: 200px) 100vw, 200px\" \/><\/a><\/td>\n<td style=\"width: 49.881%;\">Es soll der Schulalltag so gestaltet werden, wie es in der\u00a0\u00a0<a href=\"http:\/\/ms-frauenfeld.ac.at\/wordpress\/wp-content\/uploads\/2015\/07\/Deklaration_Oekolog.pdf\" target=\"_blank\" rel=\"noopener noreferrer\">\u00d6KOLOG-DEKLARATION (hier klicken)\u00a0<\/a>beschrieben ist!<\/p>\n<p><a href=\"http:\/\/ms-frauenfeld.ac.at\/wordpress\/unsere-schule\/oekolog\/\" target=\"_blank\" rel=\"noopener noreferrer\">weitere Informationen &#8211; hier klicken&#8230;<\/a><\/p>\n<p><a href=\"https:\/\/www.oekolog.at\/\" target=\"_blank\" rel=\"noopener noreferrer\">https:\/\/www.oekolog.at\/<\/a><\/td>\n<\/tr>\n<tr>\n<td style=\"width: 50%;\"><a href=\"http:\/\/ms-frauenfeld.ac.at\/wordpress\/wp-content\/uploads\/2019\/03\/EU_flag-Erasmus__vect_POS-e1554135621192.jpg\"><img decoding=\"async\" loading=\"lazy\" class=\"alignleft wp-image-92598\" src=\"http:\/\/ms-frauenfeld.ac.at\/wordpress\/wp-content\/uploads\/2019\/03\/EU_flag-Erasmus__vect_POS-e1554135621192.jpg\" alt=\"\" width=\"200\" height=\"57\" \/><\/a><\/td>\n<td style=\"width: 49.881%;\">Erasmus+ Programm an der NN\u00f6MS Schwechat (Das Erasmus-Programm ist ein F\u00f6rderprogramm der Europ\u00e4ischen Union)<\/p>\n<p><a href=\"http:\/\/ms-frauenfeld.ac.at\/wordpress\/pilotschule-nms-schwechat-frauenfeld\/\" target=\"_blank\" rel=\"noopener noreferrer\">weitere Informationen &#8211; hier klicken&#8230;<\/a><\/p>\n<p><a href=\"https:\/\/erasmusplus.at\/\" target=\"_blank\" rel=\"noopener noreferrer\">https:\/\/erasmusplus.at\/<\/a><\/td>\n<\/tr>\n<tr>\n<td style=\"width: 50%;\"><a href=\"http:\/\/ms-frauenfeld.ac.at\/wordpress\/wp-content\/uploads\/2019\/06\/Kevin_Sieg.jpg\"><img decoding=\"async\" loading=\"lazy\" class=\"alignleft wp-image-92931\" src=\"http:\/\/ms-frauenfeld.ac.at\/wordpress\/wp-content\/uploads\/2019\/06\/Kevin_Sieg-150x150.jpg\" alt=\"\" width=\"200\" height=\"227\" srcset=\"https:\/\/ms-frauenfeld.ac.at\/wordpress\/wp-content\/uploads\/2019\/06\/Kevin_Sieg-264x300.jpg 264w, https:\/\/ms-frauenfeld.ac.at\/wordpress\/wp-content\/uploads\/2019\/06\/Kevin_Sieg-768x872.jpg 768w, https:\/\/ms-frauenfeld.ac.at\/wordpress\/wp-content\/uploads\/2019\/06\/Kevin_Sieg-644x731.jpg 644w, https:\/\/ms-frauenfeld.ac.at\/wordpress\/wp-content\/uploads\/2019\/06\/Kevin_Sieg-132x150.jpg 132w, https:\/\/ms-frauenfeld.ac.at\/wordpress\/wp-content\/uploads\/2019\/06\/Kevin_Sieg.jpg 902w\" sizes=\"(max-width: 200px) 100vw, 200px\" \/><\/a><\/td>\n<td style=\"width: 49.881%;\">Leichtathletik-Stadtmeisterschaft! Kevin schaffte den 1. Platz bei der Leichtathletik-Stadtmeisterschaft!<\/p>\n<p><a href=\"http:\/\/ms-frauenfeld.ac.at\/wordpress\/1-platz\/\" target=\"_blank\" rel=\"noopener noreferrer\">weitere Informationen &#8211; hier klicken&#8230;<\/a><\/td>\n<\/tr>\n<tr>\n<td style=\"width: 50%;\"><a href=\"http:\/\/ms-frauenfeld.ac.at\/wordpress\/wp-content\/uploads\/2019\/07\/Schull\u00e4ufe.jpg\"><img decoding=\"async\" loading=\"lazy\" class=\"alignleft wp-image-93069\" src=\"http:\/\/ms-frauenfeld.ac.at\/wordpress\/wp-content\/uploads\/2019\/07\/Schull\u00e4ufe-300x111.jpg\" alt=\"\" width=\"200\" height=\"74\" srcset=\"https:\/\/ms-frauenfeld.ac.at\/wordpress\/wp-content\/uploads\/2019\/07\/Schull\u00e4ufe-300x111.jpg 300w, https:\/\/ms-frauenfeld.ac.at\/wordpress\/wp-content\/uploads\/2019\/07\/Schull\u00e4ufe-150x55.jpg 150w, https:\/\/ms-frauenfeld.ac.at\/wordpress\/wp-content\/uploads\/2019\/07\/Schull\u00e4ufe.jpg 369w\" sizes=\"(max-width: 200px) 100vw, 200px\" \/><\/a><\/td>\n<td style=\"width: 49.881%;\">Von unserer Schule haben 5 Sch\u00fclerinnen und 7 Sch\u00fcler den Schullauf (1.500 m bzw. 3.000 m) erfolgreich beendet, ein Sch\u00fcler konnte sich f\u00fcr das Bundesfinale qualifizieren.<\/p>\n<p><a href=\"http:\/\/ms-frauenfeld.ac.at\/wordpress\/20-jahre-austria-schullaeufe\/\" target=\"_blank\" rel=\"noopener noreferrer\">weiter Informationen &#8211; hier klicken&#8230;<\/a><\/p>\n<p><a href=\"http:\/\/schullauf.at\/\" target=\"_blank\" rel=\"noopener noreferrer\">www.schullauf.at<\/a><\/td>\n<\/tr>\n<tr>\n<td style=\"width: 50%;\"><a href=\"http:\/\/ms-frauenfeld.ac.at\/wordpress\/wp-content\/uploads\/2019\/07\/SVS-Logo.png\"><img decoding=\"async\" loading=\"lazy\" class=\"alignleft wp-image-93073\" src=\"http:\/\/ms-frauenfeld.ac.at\/wordpress\/wp-content\/uploads\/2019\/07\/SVS-Logo.png\" alt=\"\" width=\"200\" height=\"75\" srcset=\"https:\/\/ms-frauenfeld.ac.at\/wordpress\/wp-content\/uploads\/2019\/07\/SVS-Logo.png 295w, https:\/\/ms-frauenfeld.ac.at\/wordpress\/wp-content\/uploads\/2019\/07\/SVS-Logo-150x56.png 150w\" sizes=\"(max-width: 200px) 100vw, 200px\" \/><\/a><\/td>\n<td style=\"width: 49.881%;\">Unsere Damen trainieren unter der Leitung von Frau Ella Raiber (Volleyballtrainerin) und Frau Theresia Grubm\u00fcller jeden Donnerstag in der Unverbindlichen \u00dcbung: \u201eVolleyball\u201c. Hier das Ergebnis der gemeinsamen Arbeit: Ein toller 2. Platz bei den Volleyballmeisterschaften!<\/p>\n<p><a href=\"http:\/\/ms-frauenfeld.ac.at\/wordpress\/2-platz-schuelerliga-volleyball\/\" target=\"_blank\" rel=\"noopener noreferrer\">weitere Informationen &#8211; hier klicken&#8230;<\/a><\/p>\n<p><a href=\"https:\/\/svschwechat.at\/\" target=\"_blank\" rel=\"noopener noreferrer\">https:\/\/svschwechat.at\/<\/a><\/td>\n<\/tr>\n<tr>\n<td style=\"width: 50%;\"><\/td>\n<td style=\"width: 49.881%;\"><\/td>\n<\/tr>\n<\/tbody>\n<\/table>\n<div id=\"attachment_93077\" style=\"width: 310px\" class=\"wp-caption alignleft\"><a href=\"http:\/\/ms-frauenfeld.ac.at\/wordpress\/wp-content\/uploads\/2019\/07\/laurel-wreath-2604071_1280.png\"><img aria-describedby=\"caption-attachment-93077\" decoding=\"async\" loading=\"lazy\" class=\"wp-image-93077\" src=\"http:\/\/ms-frauenfeld.ac.at\/wordpress\/wp-content\/uploads\/2019\/07\/laurel-wreath-2604071_1280.png\" alt=\"\" width=\"300\" height=\"151\" \/><\/a><p id=\"caption-attachment-93077\" class=\"wp-caption-text\">Bild von Gerhard Janson auf Pixabay<\/p><\/div>\n","protected":false},"excerpt":{"rendered":"<p>&nbsp; Aufgrund der erbrachten und nachgewiesenen Leistungen zur digitalen und informatischen Bildung&#8230; weitere Informationen &#8211; hier klicken&#8230; https:\/\/nms.tsn.at\/content\/eeducation-expert-plus-schule Diese Auszeichnung haben wir bekommen, indem wir in vielen Bereichen der digitalen\u2026<\/p>\n<p class=\"continue-reading-button\"> <a class=\"continue-reading-link\" href=\"https:\/\/ms-frauenfeld.ac.at\/wordpress\/auszeichnungen-auszeichnungen-auszeichnungen\/\">Lesen Sie mehr&#8230;<i class=\"crycon-right-dir\"><\/i><\/a><\/p>\n","protected":false},"author":3,"featured_media":93084,"comment_status":"closed","ping_status":"closed","sticky":false,"template":"","format":"standard","meta":{"footnotes":""},"categories":[1],"tags":[248,98,146,249,111,78,63,85,68,236,250,136,88,110],"_links":{"self":[{"href":"https:\/\/ms-frauenfeld.ac.at\/wordpress\/wp-json\/wp\/v2\/posts\/93075"}],"collection":[{"href":"https:\/\/ms-frauenfeld.ac.at\/wordpress\/wp-json\/wp\/v2\/posts"}],"about":[{"href":"https:\/\/ms-frauenfeld.ac.at\/wordpress\/wp-json\/wp\/v2\/types\/post"}],"author":[{"embeddable":true,"href":"https:\/\/ms-frauenfeld.ac.at\/wordpress\/wp-json\/wp\/v2\/users\/3"}],"replies":[{"embeddable":true,"href":"https:\/\/ms-frauenfeld.ac.at\/wordpress\/wp-json\/wp\/v2\/comments?post=93075"}],"version-history":[{"count":0,"href":"https:\/\/ms-frauenfeld.ac.at\/wordpress\/wp-json\/wp\/v2\/posts\/93075\/revisions"}],"wp:featuredmedia":[{"embeddable":true,"href":"https:\/\/ms-frauenfeld.ac.at\/wordpress\/wp-json\/wp\/v2\/media\/93084"}],"wp:attachment":[{"href":"https:\/\/ms-frauenfeld.ac.at\/wordpress\/wp-json\/wp\/v2\/media?parent=93075"}],"wp:term":[{"taxonomy":"category","embeddable":true,"href":"https:\/\/ms-frauenfeld.ac.at\/wordpress\/wp-json\/wp\/v2\/categories?post=93075"},{"taxonomy":"post_tag","embeddable":true,"href":"https:\/\/ms-frauenfeld.ac.at\/wordpress\/wp-json\/wp\/v2\/tags?post=93075"}],"curies":[{"name":"wp","href":"https:\/\/api.w.org\/{rel}","templated":true}]}}