{"id":94351,"date":"2020-08-01T20:19:08","date_gmt":"2020-08-01T18:19:08","guid":{"rendered":"http:\/\/ms-frauenfeld.ac.at\/wordpress\/?p=94351"},"modified":"2021-07-12T21:19:12","modified_gmt":"2021-07-12T19:19:12","slug":"sommerschule-2020","status":"publish","type":"post","link":"https:\/\/ms-frauenfeld.ac.at\/wordpress\/sommerschule-2020\/","title":{"rendered":"Sommerschule 2020"},"content":{"rendered":"<p>Die Sommerschule ist ein zweiw\u00f6chiges Programm zur individuellen und gezielten F\u00f6rderung von Sch\u00fclerinnen und Sch\u00fclern. Sie erm\u00f6glicht die Festigung der Unterrichtssprache Deutsch, damit Sch\u00fclerinnen und Sch\u00fcler dem Unterricht im kommenden Schuljahr besser folgen k\u00f6nnen. (<a href=\"https:\/\/www.bmbwf.gv.at\/Themen\/schule\/beratung\/corona\/sommerschule.html\" target=\"_blank\" rel=\"noopener noreferrer\">Quelle: sommerschule.gv.at<\/a>)<\/p>\n<div id=\"attachment_94356\" style=\"width: 235px\" class=\"wp-caption alignleft\"><a href=\"http:\/\/ms-frauenfeld.ac.at\/wordpress\/wp-content\/uploads\/2020\/06\/Ma\u0308dchen_liest.jpg\"><img aria-describedby=\"caption-attachment-94356\" decoding=\"async\" loading=\"lazy\" class=\"wp-image-94356 size-medium\" src=\"http:\/\/ms-frauenfeld.ac.at\/wordpress\/wp-content\/uploads\/2020\/06\/Ma\u0308dchen_liest-225x300.jpg\" alt=\"\" width=\"225\" height=\"300\" srcset=\"https:\/\/ms-frauenfeld.ac.at\/wordpress\/wp-content\/uploads\/2020\/06\/Ma\u0308dchen_liest-225x300.jpg 225w, https:\/\/ms-frauenfeld.ac.at\/wordpress\/wp-content\/uploads\/2020\/06\/Ma\u0308dchen_liest-113x150.jpg 113w, https:\/\/ms-frauenfeld.ac.at\/wordpress\/wp-content\/uploads\/2020\/06\/Ma\u0308dchen_liest.jpg 360w\" sizes=\"(max-width: 225px) 100vw, 225px\" \/><\/a><p id=\"caption-attachment-94356\" class=\"wp-caption-text\">Quelle: Quelle: Jasmine Seeberger (http:\/\/bilder.tibs.at\/node\/43354) Lizenz: CC BY-NC-SA 3.0 AT<\/p><\/div>\n<p>Liebe Eltern, schwierige Wochen liegen hinter uns, aber wir haben sie gemeinsam auch mit Ihrer Hilfe geschafft. Nicht nur die Gesch\u00e4fte und Betriebe waren zum gr\u00f6\u00dften Teil geschlossen, sondern auch die Schulen.\u00a0 Der Unterricht hat zuhause stattgefunden. Ihre Tochter\/Ihr Sohn konnte m\u00f6glicherweise nicht so gut lernen und sich auf das kommende Schuljahr vorbereiten wie in der Schule, wo die Lehrer\/innen den Sch\u00fclerinnen und Sch\u00fclern jederzeit zur Seite stehen, sie unterst\u00fctzen und mit ihnen lernen.<\/p>\n<p>Daher bieten wir speziell f\u00fcr Ihre Tochter\/Ihren Sohn in den letzten zwei Ferienwochen die Sommerschule an, wo sie sich auf das neue Schuljahr vorbereiten k\u00f6nnen und ihre Deutschkenntnisse verbessern und festigen k\u00f6nnen. (<a href=\"http:\/\/ms-frauenfeld.ac.at\/wordpress\/wp-content\/uploads\/2020\/06\/Elternbrief_Sommerschule.pdf\" target=\"_blank\" rel=\"noopener noreferrer\">Quelle: Elternbrief<\/a>)<\/p>\n<p><a href=\"http:\/\/ms-frauenfeld.ac.at\/wordpress\/wp-content\/uploads\/2020\/06\/Anmeldeformular-Sommerschule_Wien-N\u00d6-BGL_ausf\u00fcllbar.pdf\" target=\"_blank\" rel=\"noopener noreferrer\">Anmeldeformular: Sommerschule &#8211; hier klicken<\/a><\/p>\n<p><a href=\"http:\/\/ms-frauenfeld.ac.at\/wordpress\/wp-content\/uploads\/2020\/06\/Elternbrief_Sommerschule.pdf\" target=\"_blank\" rel=\"noopener noreferrer\">Elternbrief: Sommerschule<\/a><\/p>\n<p>&nbsp;<\/p>\n<div id=\"attachment_94358\" style=\"width: 310px\" class=\"wp-caption alignleft\"><a href=\"http:\/\/ms-frauenfeld.ac.at\/wordpress\/wp-content\/uploads\/2020\/06\/Homeoffice.jpg\"><img aria-describedby=\"caption-attachment-94358\" decoding=\"async\" loading=\"lazy\" class=\"wp-image-94358 size-medium\" src=\"http:\/\/ms-frauenfeld.ac.at\/wordpress\/wp-content\/uploads\/2020\/06\/Homeoffice-300x225.jpg\" alt=\"\" width=\"300\" height=\"225\" srcset=\"https:\/\/ms-frauenfeld.ac.at\/wordpress\/wp-content\/uploads\/2020\/06\/Homeoffice-300x225.jpg 300w, https:\/\/ms-frauenfeld.ac.at\/wordpress\/wp-content\/uploads\/2020\/06\/Homeoffice-644x483.jpg 644w, https:\/\/ms-frauenfeld.ac.at\/wordpress\/wp-content\/uploads\/2020\/06\/Homeoffice-768x576.jpg 768w, https:\/\/ms-frauenfeld.ac.at\/wordpress\/wp-content\/uploads\/2020\/06\/Homeoffice-150x113.jpg 150w, https:\/\/ms-frauenfeld.ac.at\/wordpress\/wp-content\/uploads\/2020\/06\/Homeoffice.jpg 1024w\" sizes=\"(max-width: 300px) 100vw, 300px\" \/><\/a><p id=\"caption-attachment-94358\" class=\"wp-caption-text\">Quelle: Quelle: Jasmine Seeberger (http:\/\/bilder.tibs.at\/node\/43351) Lizenz: CC BY-NC-SA 3.0 AT<\/p><\/div>\n","protected":false},"excerpt":{"rendered":"<p>Die Sommerschule ist ein zweiw\u00f6chiges Programm zur individuellen und gezielten F\u00f6rderung von Sch\u00fclerinnen und Sch\u00fclern. Sie erm\u00f6glicht die Festigung der Unterrichtssprache Deutsch, damit Sch\u00fclerinnen und Sch\u00fcler dem Unterricht im kommenden\u2026<\/p>\n<p class=\"continue-reading-button\"> <a class=\"continue-reading-link\" href=\"https:\/\/ms-frauenfeld.ac.at\/wordpress\/sommerschule-2020\/\">Lesen Sie mehr&#8230;<i class=\"crycon-right-dir\"><\/i><\/a><\/p>\n","protected":false},"author":3,"featured_media":94358,"comment_status":"closed","ping_status":"closed","sticky":false,"template":"","format":"standard","meta":{"footnotes":""},"categories":[1],"tags":[304,157,309],"_links":{"self":[{"href":"https:\/\/ms-frauenfeld.ac.at\/wordpress\/wp-json\/wp\/v2\/posts\/94351"}],"collection":[{"href":"https:\/\/ms-frauenfeld.ac.at\/wordpress\/wp-json\/wp\/v2\/posts"}],"about":[{"href":"https:\/\/ms-frauenfeld.ac.at\/wordpress\/wp-json\/wp\/v2\/types\/post"}],"author":[{"embeddable":true,"href":"https:\/\/ms-frauenfeld.ac.at\/wordpress\/wp-json\/wp\/v2\/users\/3"}],"replies":[{"embeddable":true,"href":"https:\/\/ms-frauenfeld.ac.at\/wordpress\/wp-json\/wp\/v2\/comments?post=94351"}],"version-history":[{"count":0,"href":"https:\/\/ms-frauenfeld.ac.at\/wordpress\/wp-json\/wp\/v2\/posts\/94351\/revisions"}],"wp:featuredmedia":[{"embeddable":true,"href":"https:\/\/ms-frauenfeld.ac.at\/wordpress\/wp-json\/wp\/v2\/media\/94358"}],"wp:attachment":[{"href":"https:\/\/ms-frauenfeld.ac.at\/wordpress\/wp-json\/wp\/v2\/media?parent=94351"}],"wp:term":[{"taxonomy":"category","embeddable":true,"href":"https:\/\/ms-frauenfeld.ac.at\/wordpress\/wp-json\/wp\/v2\/categories?post=94351"},{"taxonomy":"post_tag","embeddable":true,"href":"https:\/\/ms-frauenfeld.ac.at\/wordpress\/wp-json\/wp\/v2\/tags?post=94351"}],"curies":[{"name":"wp","href":"https:\/\/api.w.org\/{rel}","templated":true}]}}