{"id":96507,"date":"2022-04-21T20:36:23","date_gmt":"2022-04-21T18:36:23","guid":{"rendered":"https:\/\/ms-frauenfeld.ac.at\/wordpress\/?p=96507"},"modified":"2022-05-03T11:46:23","modified_gmt":"2022-05-03T09:46:23","slug":"maskenpflicht-entfaellt","status":"publish","type":"post","link":"https:\/\/ms-frauenfeld.ac.at\/wordpress\/maskenpflicht-entfaellt\/","title":{"rendered":"Maskenpflicht entf\u00e4llt"},"content":{"rendered":"<p>Mit Montag, 25. April 2022, wird ein weiterer Schritt in Richtung eines normalen Schulbetriebs gesetzt:<\/p>\n<ul>\n<li><strong>F\u00fcr alle Sch\u00fclerinnen und Sch\u00fcler entf\u00e4llt die Maskenpflicht im gesamten Schulbereich<\/strong>.<\/li>\n<li>Auch f\u00fcr das gesamte Personal und f\u00fcr externe Personen entf\u00e4llt die Maskenpflicht im gesamten Schulbereich.<\/li>\n<li>Die Regelung, dass bei erh\u00f6htem Infektionsgeschehen am Standort tempor\u00e4r schulautonom eine Maskenpflicht f\u00fcr einzelne Klassen oder den Standort verf\u00fcgt werden kann, bleibt bestehen.<\/li>\n<li>Ein\u00a0<abbr lang=\"en\" title=\"polymerase chain reaction\">PCR<\/abbr>-Test pro Woche f\u00fcr alle Sch\u00fcler\/innen wird fortgesetzt.<\/li>\n<\/ul>\n<p>Quelle: <a href=\"https:\/\/www.bmbwf.gv.at\/Themen\/schule\/beratung\/corona\/sichereschule.html\" target=\"_blank\" rel=\"noopener\">https:\/\/www.bmbwf.gv.at\/Themen\/schule\/beratung\/corona\/sichereschule.html<\/a><\/p>\n<div id=\"attachment_96511\" style=\"width: 310px\" class=\"wp-caption alignleft\"><a href=\"https:\/\/ms-frauenfeld.ac.at\/wordpress\/wp-content\/uploads\/2022\/04\/pexels-karolina-grabowska-4197564.jpg\"><img aria-describedby=\"caption-attachment-96511\" decoding=\"async\" loading=\"lazy\" class=\"wp-image-96511 size-medium\" src=\"https:\/\/ms-frauenfeld.ac.at\/wordpress\/wp-content\/uploads\/2022\/04\/pexels-karolina-grabowska-4197564-300x200.jpg\" alt=\"\" width=\"300\" height=\"200\" srcset=\"https:\/\/ms-frauenfeld.ac.at\/wordpress\/wp-content\/uploads\/2022\/04\/pexels-karolina-grabowska-4197564-300x200.jpg 300w, https:\/\/ms-frauenfeld.ac.at\/wordpress\/wp-content\/uploads\/2022\/04\/pexels-karolina-grabowska-4197564-644x429.jpg 644w, https:\/\/ms-frauenfeld.ac.at\/wordpress\/wp-content\/uploads\/2022\/04\/pexels-karolina-grabowska-4197564-150x100.jpg 150w, https:\/\/ms-frauenfeld.ac.at\/wordpress\/wp-content\/uploads\/2022\/04\/pexels-karolina-grabowska-4197564-768x512.jpg 768w, https:\/\/ms-frauenfeld.ac.at\/wordpress\/wp-content\/uploads\/2022\/04\/pexels-karolina-grabowska-4197564.jpg 1024w\" sizes=\"(max-width: 300px) 100vw, 300px\" \/><\/a><p id=\"caption-attachment-96511\" class=\"wp-caption-text\">Foto von Karolina Grabowska von Pexels<\/p><\/div>\n<div id=\"attachment_96508\" style=\"width: 210px\" class=\"wp-caption alignleft\"><a href=\"https:\/\/ms-frauenfeld.ac.at\/wordpress\/wp-content\/uploads\/2022\/04\/pexels-anna-shvets-3902883.jpg\"><img aria-describedby=\"caption-attachment-96508\" decoding=\"async\" loading=\"lazy\" class=\"wp-image-96508 size-medium\" src=\"https:\/\/ms-frauenfeld.ac.at\/wordpress\/wp-content\/uploads\/2022\/04\/pexels-anna-shvets-3902883-200x300.jpg\" alt=\"\" width=\"200\" height=\"300\" srcset=\"https:\/\/ms-frauenfeld.ac.at\/wordpress\/wp-content\/uploads\/2022\/04\/pexels-anna-shvets-3902883-200x300.jpg 200w, https:\/\/ms-frauenfeld.ac.at\/wordpress\/wp-content\/uploads\/2022\/04\/pexels-anna-shvets-3902883-644x966.jpg 644w, https:\/\/ms-frauenfeld.ac.at\/wordpress\/wp-content\/uploads\/2022\/04\/pexels-anna-shvets-3902883-100x150.jpg 100w, https:\/\/ms-frauenfeld.ac.at\/wordpress\/wp-content\/uploads\/2022\/04\/pexels-anna-shvets-3902883.jpg 683w\" sizes=\"(max-width: 200px) 100vw, 200px\" \/><\/a><p id=\"caption-attachment-96508\" class=\"wp-caption-text\">Foto von Anna Shvets von Pexels<\/p><\/div>\n","protected":false},"excerpt":{"rendered":"<p>Mit Montag, 25. April 2022, wird ein weiterer Schritt in Richtung eines normalen Schulbetriebs gesetzt: F\u00fcr alle Sch\u00fclerinnen und Sch\u00fcler entf\u00e4llt die Maskenpflicht im gesamten Schulbereich. Auch f\u00fcr das gesamte\u2026<\/p>\n<p class=\"continue-reading-button\"> <a class=\"continue-reading-link\" href=\"https:\/\/ms-frauenfeld.ac.at\/wordpress\/maskenpflicht-entfaellt\/\">Lesen Sie mehr&#8230;<i class=\"crycon-right-dir\"><\/i><\/a><\/p>\n","protected":false},"author":3,"featured_media":96511,"comment_status":"closed","ping_status":"closed","sticky":false,"template":"","format":"standard","meta":{"footnotes":""},"categories":[1],"tags":[304,314],"_links":{"self":[{"href":"https:\/\/ms-frauenfeld.ac.at\/wordpress\/wp-json\/wp\/v2\/posts\/96507"}],"collection":[{"href":"https:\/\/ms-frauenfeld.ac.at\/wordpress\/wp-json\/wp\/v2\/posts"}],"about":[{"href":"https:\/\/ms-frauenfeld.ac.at\/wordpress\/wp-json\/wp\/v2\/types\/post"}],"author":[{"embeddable":true,"href":"https:\/\/ms-frauenfeld.ac.at\/wordpress\/wp-json\/wp\/v2\/users\/3"}],"replies":[{"embeddable":true,"href":"https:\/\/ms-frauenfeld.ac.at\/wordpress\/wp-json\/wp\/v2\/comments?post=96507"}],"version-history":[{"count":0,"href":"https:\/\/ms-frauenfeld.ac.at\/wordpress\/wp-json\/wp\/v2\/posts\/96507\/revisions"}],"wp:featuredmedia":[{"embeddable":true,"href":"https:\/\/ms-frauenfeld.ac.at\/wordpress\/wp-json\/wp\/v2\/media\/96511"}],"wp:attachment":[{"href":"https:\/\/ms-frauenfeld.ac.at\/wordpress\/wp-json\/wp\/v2\/media?parent=96507"}],"wp:term":[{"taxonomy":"category","embeddable":true,"href":"https:\/\/ms-frauenfeld.ac.at\/wordpress\/wp-json\/wp\/v2\/categories?post=96507"},{"taxonomy":"post_tag","embeddable":true,"href":"https:\/\/ms-frauenfeld.ac.at\/wordpress\/wp-json\/wp\/v2\/tags?post=96507"}],"curies":[{"name":"wp","href":"https:\/\/api.w.org\/{rel}","templated":true}]}}