{"id":96703,"date":"2022-06-23T20:58:43","date_gmt":"2022-06-23T18:58:43","guid":{"rendered":"https:\/\/ms-frauenfeld.ac.at\/wordpress\/?p=96703"},"modified":"2022-06-23T21:11:19","modified_gmt":"2022-06-23T19:11:19","slug":"die-geraeteinitiative-chromebooks-fuer-die-1-klassen","status":"publish","type":"post","link":"https:\/\/ms-frauenfeld.ac.at\/wordpress\/die-geraeteinitiative-chromebooks-fuer-die-1-klassen\/","title":{"rendered":"Die Ger\u00e4teinitiative"},"content":{"rendered":"<table style=\"border-collapse: collapse; width: 100%;\">\n<tbody>\n<tr>\n<td style=\"width: 100%;\"><a href=\"https:\/\/ms-frauenfeld.ac.at\/wordpress\/wp-content\/uploads\/2022\/06\/oead.jpg\"><img decoding=\"async\" loading=\"lazy\" class=\"alignleft wp-image-96714 size-large\" src=\"https:\/\/ms-frauenfeld.ac.at\/wordpress\/wp-content\/uploads\/2022\/06\/oead-644x178.jpg\" alt=\"\" width=\"644\" height=\"178\" srcset=\"https:\/\/ms-frauenfeld.ac.at\/wordpress\/wp-content\/uploads\/2022\/06\/oead-644x178.jpg 644w, https:\/\/ms-frauenfeld.ac.at\/wordpress\/wp-content\/uploads\/2022\/06\/oead-300x83.jpg 300w, https:\/\/ms-frauenfeld.ac.at\/wordpress\/wp-content\/uploads\/2022\/06\/oead-150x41.jpg 150w, https:\/\/ms-frauenfeld.ac.at\/wordpress\/wp-content\/uploads\/2022\/06\/oead.jpg 757w\" sizes=\"(max-width: 644px) 100vw, 644px\" \/><\/a><\/td>\n<\/tr>\n<\/tbody>\n<\/table>\n<p>Die Ger\u00e4teinitiative \u201eDigitales Lernen\u201c ist Teil des 8-Punkte-Plans f\u00fcr die Digitale Schule des Bundesministeriums f\u00fcr Bildung, Wissenschaft und Forschung (BMBWF).<\/p>\n<table style=\"border-collapse: collapse; width: 100%;\">\n<tbody>\n<tr>\n<td style=\"width: 50%;\"><a href=\"https:\/\/ms-frauenfeld.ac.at\/wordpress\/wp-content\/uploads\/2022\/06\/g1.jpg\"><img decoding=\"async\" loading=\"lazy\" class=\"alignleft wp-image-96705 size-medium\" src=\"https:\/\/ms-frauenfeld.ac.at\/wordpress\/wp-content\/uploads\/2022\/06\/g1-300x136.jpg\" alt=\"\" width=\"300\" height=\"136\" srcset=\"https:\/\/ms-frauenfeld.ac.at\/wordpress\/wp-content\/uploads\/2022\/06\/g1-300x136.jpg 300w, https:\/\/ms-frauenfeld.ac.at\/wordpress\/wp-content\/uploads\/2022\/06\/g1-150x68.jpg 150w, https:\/\/ms-frauenfeld.ac.at\/wordpress\/wp-content\/uploads\/2022\/06\/g1.jpg 347w\" sizes=\"(max-width: 300px) 100vw, 300px\" \/><\/a><\/td>\n<td style=\"width: 50%;\">Ab dem Schuljahr 2022\/23 werden im Rahmen dieser Initiative die 5. Schulstufen mit digitalen Ger\u00e4ten (Laptops oder Tablets) ausgestattet. Dies soll allen Sch\u00fclerinnen und Sch\u00fclern den Zugang zu digitaler Bildung zu gleichen Rahmenbedingungen erm\u00f6glichen.<\/td>\n<\/tr>\n<\/tbody>\n<\/table>\n<p>&nbsp;<\/p>\n<table style=\"border-collapse: collapse; width: 100%;\">\n<tbody>\n<tr>\n<td style=\"width: 50%;\"><span style=\"font-family: 'Droid Sans'; font-size: 15px;\">Digitale Kompetenzen werden im Alltag und im Beruf immer wichtiger.<\/span><br style=\"font-size: 15px;\" \/><span style=\"font-family: 'Droid Sans'; font-size: 15px;\">Notebooks, Tablets und digitale Medien erm\u00f6glichen es au\u00dferdem, das Lernen durch innovativen Unterricht abwechslungsreich zu gestalten und Sch\u00fcler\/innen auf ihren individuellen Lernwegen gut zu unterst\u00fctzen.<\/span><\/td>\n<td style=\"width: 50%;\"><a href=\"https:\/\/ms-frauenfeld.ac.at\/wordpress\/wp-content\/uploads\/2022\/06\/g2.jpg\"><img decoding=\"async\" loading=\"lazy\" class=\"alignleft wp-image-96706 size-full\" src=\"https:\/\/ms-frauenfeld.ac.at\/wordpress\/wp-content\/uploads\/2022\/06\/g2.jpg\" alt=\"\" width=\"478\" height=\"125\" srcset=\"https:\/\/ms-frauenfeld.ac.at\/wordpress\/wp-content\/uploads\/2022\/06\/g2.jpg 478w, https:\/\/ms-frauenfeld.ac.at\/wordpress\/wp-content\/uploads\/2022\/06\/g2-300x78.jpg 300w, https:\/\/ms-frauenfeld.ac.at\/wordpress\/wp-content\/uploads\/2022\/06\/g2-150x39.jpg 150w\" sizes=\"(max-width: 478px) 100vw, 478px\" \/><\/a><\/td>\n<\/tr>\n<\/tbody>\n<\/table>\n<p>&nbsp;<\/p>\n<table style=\"border-collapse: collapse; width: 100%;\">\n<tbody>\n<tr>\n<td style=\"width: 50%;\"><a href=\"https:\/\/ms-frauenfeld.ac.at\/wordpress\/wp-content\/uploads\/2022\/06\/g3.jpg\"><img decoding=\"async\" loading=\"lazy\" class=\"wp-image-96707 size-full alignnone\" src=\"https:\/\/ms-frauenfeld.ac.at\/wordpress\/wp-content\/uploads\/2022\/06\/g3.jpg\" alt=\"\" width=\"226\" height=\"172\" srcset=\"https:\/\/ms-frauenfeld.ac.at\/wordpress\/wp-content\/uploads\/2022\/06\/g3.jpg 226w, https:\/\/ms-frauenfeld.ac.at\/wordpress\/wp-content\/uploads\/2022\/06\/g3-150x114.jpg 150w\" sizes=\"(max-width: 226px) 100vw, 226px\" \/><\/a><\/td>\n<td style=\"width: 50%;\">Ihr Kind wird das Ger\u00e4t auch zu Hause verwenden. Das Ger\u00e4t soll zumindest vier Jahre f\u00fcr den Schulunterricht einsatzbereit sein. Das bedeutet, dass Ihr Sohn\/Ihre Tochter verantwortungsvoll mit dem Ger\u00e4t umgehen muss.<\/p>\n<p>&nbsp;<\/td>\n<\/tr>\n<\/tbody>\n<\/table>\n<p><a href=\"https:\/\/ms-frauenfeld.ac.at\/wordpress\/wp-content\/uploads\/2022\/06\/OeAD_Elternblatt_Jun2022_Deutsch.pdf\" target=\"_blank\" rel=\"noopener\">Weitere Informationen f\u00fcr Erziehungsberechtigte (Deutsch) &#8211; hier klicken&#8230;.<\/a><\/p>\n<p><a href=\"https:\/\/digitaleslernen.oead.at\/de\/mediathek#c47470\" target=\"_blank\" rel=\"noopener\">Mehrsprachiges Informationsmaterial &#8211; hier klicken&#8230;.<\/a><\/p>\n<p>&nbsp;<\/p>\n","protected":false},"excerpt":{"rendered":"<p>Die Ger\u00e4teinitiative \u201eDigitales Lernen\u201c ist Teil des 8-Punkte-Plans f\u00fcr die Digitale Schule des Bundesministeriums f\u00fcr Bildung, Wissenschaft und Forschung (BMBWF). Ab dem Schuljahr 2022\/23 werden im Rahmen dieser Initiative die\u2026<\/p>\n<p class=\"continue-reading-button\"> <a class=\"continue-reading-link\" href=\"https:\/\/ms-frauenfeld.ac.at\/wordpress\/die-geraeteinitiative-chromebooks-fuer-die-1-klassen\/\">Lesen Sie mehr&#8230;<i class=\"crycon-right-dir\"><\/i><\/a><\/p>\n","protected":false},"author":3,"featured_media":96713,"comment_status":"closed","ping_status":"closed","sticky":false,"template":"","format":"standard","meta":{"footnotes":""},"categories":[1],"tags":[178,203,205,218,108],"_links":{"self":[{"href":"https:\/\/ms-frauenfeld.ac.at\/wordpress\/wp-json\/wp\/v2\/posts\/96703"}],"collection":[{"href":"https:\/\/ms-frauenfeld.ac.at\/wordpress\/wp-json\/wp\/v2\/posts"}],"about":[{"href":"https:\/\/ms-frauenfeld.ac.at\/wordpress\/wp-json\/wp\/v2\/types\/post"}],"author":[{"embeddable":true,"href":"https:\/\/ms-frauenfeld.ac.at\/wordpress\/wp-json\/wp\/v2\/users\/3"}],"replies":[{"embeddable":true,"href":"https:\/\/ms-frauenfeld.ac.at\/wordpress\/wp-json\/wp\/v2\/comments?post=96703"}],"version-history":[{"count":0,"href":"https:\/\/ms-frauenfeld.ac.at\/wordpress\/wp-json\/wp\/v2\/posts\/96703\/revisions"}],"wp:featuredmedia":[{"embeddable":true,"href":"https:\/\/ms-frauenfeld.ac.at\/wordpress\/wp-json\/wp\/v2\/media\/96713"}],"wp:attachment":[{"href":"https:\/\/ms-frauenfeld.ac.at\/wordpress\/wp-json\/wp\/v2\/media?parent=96703"}],"wp:term":[{"taxonomy":"category","embeddable":true,"href":"https:\/\/ms-frauenfeld.ac.at\/wordpress\/wp-json\/wp\/v2\/categories?post=96703"},{"taxonomy":"post_tag","embeddable":true,"href":"https:\/\/ms-frauenfeld.ac.at\/wordpress\/wp-json\/wp\/v2\/tags?post=96703"}],"curies":[{"name":"wp","href":"https:\/\/api.w.org\/{rel}","templated":true}]}}