{"id":96835,"date":"2022-09-01T19:17:08","date_gmt":"2022-09-01T17:17:08","guid":{"rendered":"https:\/\/ms-frauenfeld.ac.at\/wordpress\/?p=96835"},"modified":"2022-09-01T19:21:34","modified_gmt":"2022-09-01T17:21:34","slug":"corona-massnahmen-zum-schulanfang","status":"publish","type":"post","link":"https:\/\/ms-frauenfeld.ac.at\/wordpress\/corona-massnahmen-zum-schulanfang\/","title":{"rendered":"Corona-Ma\u00dfnahmen zum Schulanfang"},"content":{"rendered":"<table style=\"border-collapse: collapse; width: 100%;\">\n<tbody>\n<tr>\n<td style=\"width: 100%;\">Sehr geehrte Eltern, sehr geehrte Erziehungsberechtigte!<\/td>\n<\/tr>\n<tr>\n<td style=\"width: 100%;\">Nach einem hoffentlich erholsamen Sommer darf ich Sie \u00fcber die Corona-Ma\u00dfnahmen<br \/>\nzum Schulanfang informieren.<\/td>\n<\/tr>\n<\/tbody>\n<\/table>\n<p><span style=\"background-color: #ffcc00;\"><span style=\"font-size: 12pt; background-color: #ffcc00;\"><strong>Am 1. Schultag bitten wir alle Sch\u00fcler*innen mit einem g\u00fcltigen<br \/>\n<\/strong><\/span><span style=\"font-size: 12pt; background-color: #ffcc00;\"><strong>PCRTestergebnis in die Schule zu kommen.<\/strong><\/span><\/span><br \/>\n<span style=\"font-size: 12pt; background-color: #ffcc00;\"><strong>Beim Betreten der Schule bitte immer die H\u00e4nde desinfizieren!<\/strong><\/span><\/p>\n<table style=\"border-collapse: collapse; width: 100%;\">\n<tbody>\n<tr>\n<td style=\"width: 3.92854%;\"><\/td>\n<td style=\"width: 96.0714%; background-color: #ebc68f;\">In der 1. Schulwoche testen wir (Antigentests) am Montag, Dienstag und Mittwoch<br \/>\nalle Kinder, wenn Sie uns \u00fcber SchoolFox (manche Eltern von Kindern der 5.<br \/>\nSchulstufe haben dies bereits in Papierform oder beim Informationsnachmittag<br \/>\ngemacht) dazu erm\u00e4chtigen. Danach werden die Tests gezielt &#8211; je nach Risikolage &#8211; in<br \/>\neinzelnen oder in allen Klassen eingesetzt. Ich ersuche Sie, auch die<br \/>\nEinverst\u00e4ndniserkl\u00e4rung im Logbuch Seite 21 zu unterzeichnen.<\/td>\n<\/tr>\n<tr>\n<td style=\"width: 3.92854%;\"><\/td>\n<td style=\"width: 96.0714%;\">F\u00fcr die 2. Schulwoche erhalten alle Sch\u00fcler*innen drei ATG-Tests f\u00fcr die<br \/>\nVerwendung zu Hause \u2013 bitte Montagfr\u00fch testen!<\/td>\n<\/tr>\n<tr>\n<td style=\"width: 3.92854%;\"><\/td>\n<td style=\"width: 96.0714%; background-color: #ebc68f;\">F\u00fcr alle, die ein positives Testergebnis auf SARS-Cov-2 haben, jedoch symptomfrei<br \/>\nund deshalb nicht krankgemeldet sind, gilt die Verpflichtung zum durchgehenden<br \/>\nTragen einer FFP2-Maske.<\/td>\n<\/tr>\n<\/tbody>\n<\/table>\n<p><a href=\"https:\/\/ms-frauenfeld.ac.at\/wordpress\/wp-content\/uploads\/2022\/09\/Info-zum-Schulbeginn_Sept2022.pdf\" target=\"_blank\" rel=\"noopener\">Information als pdf-Donwload: hier klicken&#8230;<\/a><\/p>\n<table style=\"border-collapse: collapse; width: 100%;\">\n<tbody>\n<tr>\n<td style=\"width: 100%; background-color: #ebc68f;\">Wie in allen Lebensbereichen gilt auch f\u00fcr die Schule, mit COVID-19 leben zu lernen.<br \/>\nDie wichtigsten Vorkehrungen der vergangenen Jahre werden im Schuljahr 2022\/23<br \/>\nbedarfsbezogen fortgesetzt.<\/td>\n<\/tr>\n<tr>\n<td style=\"width: 100%;\">Wir hoffen auf m\u00f6glichst wenig Einschr\u00e4nkungen und werden die erforderlichen<br \/>\nMa\u00dfnahmen dann setzen, wenn ein rasches Reagieren auf die jeweilige Infektionslage<br \/>\nunabwendbar ist. Bitte unterst\u00fctzen Sie uns weiterhin, indem Sie die notwendigen<br \/>\nInitiativen mittragen. So werden wir sicher durchs neue Schuljahr kommen.<\/td>\n<\/tr>\n<\/tbody>\n<\/table>\n<p><span style=\"font-size: 12pt;\">Herzliche Gr\u00fc\u00dfe<\/span><br \/>\n<span style=\"font-size: 12pt;\">Gudrun Taller, DMS<\/span><\/p>\n","protected":false},"excerpt":{"rendered":"<p>Sehr geehrte Eltern, sehr geehrte Erziehungsberechtigte! Nach einem hoffentlich erholsamen Sommer darf ich Sie \u00fcber die Corona-Ma\u00dfnahmen zum Schulanfang informieren. Am 1. Schultag bitten wir alle Sch\u00fcler*innen mit einem g\u00fcltigen\u2026<\/p>\n<p class=\"continue-reading-button\"> <a class=\"continue-reading-link\" href=\"https:\/\/ms-frauenfeld.ac.at\/wordpress\/corona-massnahmen-zum-schulanfang\/\">Lesen Sie mehr&#8230;<i class=\"crycon-right-dir\"><\/i><\/a><\/p>\n","protected":false},"author":3,"featured_media":96172,"comment_status":"closed","ping_status":"closed","sticky":false,"template":"","format":"standard","meta":{"footnotes":""},"categories":[1],"tags":[304,333,157],"_links":{"self":[{"href":"https:\/\/ms-frauenfeld.ac.at\/wordpress\/wp-json\/wp\/v2\/posts\/96835"}],"collection":[{"href":"https:\/\/ms-frauenfeld.ac.at\/wordpress\/wp-json\/wp\/v2\/posts"}],"about":[{"href":"https:\/\/ms-frauenfeld.ac.at\/wordpress\/wp-json\/wp\/v2\/types\/post"}],"author":[{"embeddable":true,"href":"https:\/\/ms-frauenfeld.ac.at\/wordpress\/wp-json\/wp\/v2\/users\/3"}],"replies":[{"embeddable":true,"href":"https:\/\/ms-frauenfeld.ac.at\/wordpress\/wp-json\/wp\/v2\/comments?post=96835"}],"version-history":[{"count":0,"href":"https:\/\/ms-frauenfeld.ac.at\/wordpress\/wp-json\/wp\/v2\/posts\/96835\/revisions"}],"wp:featuredmedia":[{"embeddable":true,"href":"https:\/\/ms-frauenfeld.ac.at\/wordpress\/wp-json\/wp\/v2\/media\/96172"}],"wp:attachment":[{"href":"https:\/\/ms-frauenfeld.ac.at\/wordpress\/wp-json\/wp\/v2\/media?parent=96835"}],"wp:term":[{"taxonomy":"category","embeddable":true,"href":"https:\/\/ms-frauenfeld.ac.at\/wordpress\/wp-json\/wp\/v2\/categories?post=96835"},{"taxonomy":"post_tag","embeddable":true,"href":"https:\/\/ms-frauenfeld.ac.at\/wordpress\/wp-json\/wp\/v2\/tags?post=96835"}],"curies":[{"name":"wp","href":"https:\/\/api.w.org\/{rel}","templated":true}]}}