{"id":97131,"date":"2023-02-10T18:13:21","date_gmt":"2023-02-10T17:13:21","guid":{"rendered":"https:\/\/ms-frauenfeld.ac.at\/wordpress\/?p=97131"},"modified":"2023-03-10T20:37:27","modified_gmt":"2023-03-10T19:37:27","slug":"schulanmeldung-2023-24","status":"publish","type":"post","link":"https:\/\/ms-frauenfeld.ac.at\/wordpress\/schulanmeldung-2023-24\/","title":{"rendered":"Schulanmeldung 2023\/24"},"content":{"rendered":"<p><strong>Sehr geehrte Eltern, sehr geehrte Erziehungsberechtigte!<br \/>\n<\/strong><\/p>\n<p><a href=\"https:\/\/ms-frauenfeld.ac.at\/wordpress\/wp-content\/uploads\/2023\/01\/Freude.jpg\"><img decoding=\"async\" loading=\"lazy\" class=\"alignleft size-thumbnail wp-image-97134\" src=\"https:\/\/ms-frauenfeld.ac.at\/wordpress\/wp-content\/uploads\/2023\/01\/Freude-150x100.jpg\" alt=\"\" width=\"150\" height=\"100\" srcset=\"https:\/\/ms-frauenfeld.ac.at\/wordpress\/wp-content\/uploads\/2023\/01\/Freude-150x100.jpg 150w, https:\/\/ms-frauenfeld.ac.at\/wordpress\/wp-content\/uploads\/2023\/01\/Freude-300x200.jpg 300w, https:\/\/ms-frauenfeld.ac.at\/wordpress\/wp-content\/uploads\/2023\/01\/Freude-644x429.jpg 644w, https:\/\/ms-frauenfeld.ac.at\/wordpress\/wp-content\/uploads\/2023\/01\/Freude-768x512.jpg 768w, https:\/\/ms-frauenfeld.ac.at\/wordpress\/wp-content\/uploads\/2023\/01\/Freude.jpg 1024w\" sizes=\"(max-width: 150px) 100vw, 150px\" \/><\/a> Der Zeitraum f\u00fcr die Anmeldung an unserer Schule ist die Woche nach den Semesterferien<br \/>\nund funktioniert folgenderma\u00dfen:<\/p>\n<table style=\"border-collapse: collapse; width: 100%;\">\n<tbody>\n<tr>\n<td style=\"width: 100%;\"><strong style=\"font-size: 15px;\">Sch\u00fclerinnen und Sch\u00fcler der Schwechater Volksschulen<br \/>\n<\/strong><strong style=\"font-size: 15px;\"> (VS Ehrenbrunngasse, VS Mannsw\u00f6rth, VS Frauenfeld)<br \/>\n<\/strong><br \/>\nk\u00f6nnen in der Woche vom 13. bis 17. Februar 2023<br \/>\n\u2022 das Anmeldeformular und<br \/>\n\u2022 die Schulnachricht im Original<br \/>\nbei ihren Klassenlehrer*innen abgeben.<\/p>\n<p><strong><a href=\"https:\/\/ms-frauenfeld.ac.at\/wordpress\/wp-content\/uploads\/2023\/01\/Formular-Schulanmeldung-Sj-23_24.pdf\" target=\"_blank\" rel=\"noopener\">Formular:\u00a0 Schulanmeldung 2023\/24<\/a><br \/>\n<\/strong><a href=\"https:\/\/ms-frauenfeld.ac.at\/wordpress\/wp-content\/uploads\/2023\/01\/Elternbrief-Schulanmeldung-Jan_2023.pdf\" target=\"_blank\" rel=\"noopener\">Elternbrief \u2013 Schulanmeldung 2023\/24<\/a><\/td>\n<\/tr>\n<\/tbody>\n<\/table>\n<p><a href=\"https:\/\/ms-frauenfeld.ac.at\/wordpress\/wp-content\/uploads\/2022\/02\/education-3704026_1280.jpg\"><img decoding=\"async\" loading=\"lazy\" class=\"alignleft wp-image-96392 size-medium\" src=\"https:\/\/ms-frauenfeld.ac.at\/wordpress\/wp-content\/uploads\/2022\/02\/education-3704026_1280-300x200.jpg\" alt=\"\" width=\"300\" height=\"200\" srcset=\"https:\/\/ms-frauenfeld.ac.at\/wordpress\/wp-content\/uploads\/2022\/02\/education-3704026_1280-300x200.jpg 300w, https:\/\/ms-frauenfeld.ac.at\/wordpress\/wp-content\/uploads\/2022\/02\/education-3704026_1280-644x429.jpg 644w, https:\/\/ms-frauenfeld.ac.at\/wordpress\/wp-content\/uploads\/2022\/02\/education-3704026_1280-150x100.jpg 150w, https:\/\/ms-frauenfeld.ac.at\/wordpress\/wp-content\/uploads\/2022\/02\/education-3704026_1280-768x512.jpg 768w, https:\/\/ms-frauenfeld.ac.at\/wordpress\/wp-content\/uploads\/2022\/02\/education-3704026_1280.jpg 1024w\" sizes=\"(max-width: 300px) 100vw, 300px\" \/><\/a><\/p>\n<table style=\"border-collapse: collapse; width: 100%;\">\n<tbody>\n<tr>\n<td style=\"width: 100%;\"><strong style=\"font-size: 15px;\">Pers\u00f6nliche Anmeldung:<br \/>\n<\/strong>Wenn die Abwicklung \u00fcber die Volksschulen nicht m\u00f6glich ist,<br \/>\nbitte um telefonische Kontaktaufnahme (01\/707 73 53\u00a0 (Direktion)),<br \/>\num einen Termin in der Woche nach den Semesterferien zu vereinbaren.<\/p>\n<p>F\u00fcr die Anmeldung ben\u00f6tigen Sie folgende Unterlagen:<br \/>\n\u2022 das, wenn m\u00f6glich, vollst\u00e4ndig ausgef\u00fcllte Anmeldeformular<br \/>\n\u2022 die Schulnachricht im Original und eine Kopie<br \/>\n\u2022 eine Kopie des Meldezettels<\/p>\n<p>Bitte kommen Sie allein zur Anmeldung und halten Sie den vereinbarten Termin genau ein.<br \/>\nHinweis: Ihr Kind braucht bei der Anmeldung nicht anwesend zu sein!<\/td>\n<\/tr>\n<\/tbody>\n<\/table>\n<p><strong><a href=\"https:\/\/ms-frauenfeld.ac.at\/wordpress\/wp-content\/uploads\/2023\/01\/Formular-Schulanmeldung-Sj-23_24.pdf\" target=\"_blank\" rel=\"noopener\">Formular: Schulanmeldung 2023\/24<\/a><br \/>\n<\/strong><a href=\"https:\/\/ms-frauenfeld.ac.at\/wordpress\/wp-content\/uploads\/2023\/01\/Elternbrief-Schulanmeldung-Jan_2023.pdf\" target=\"_blank\" rel=\"noopener\">Elternbrief \u2013 Schulanmeldung 2023\/24<\/a><\/p>\n<div id=\"attachment_97134\" style=\"width: 310px\" class=\"wp-caption alignleft\"><a href=\"https:\/\/ms-frauenfeld.ac.at\/wordpress\/wp-content\/uploads\/2023\/01\/Freude.jpg\"><img aria-describedby=\"caption-attachment-97134\" decoding=\"async\" loading=\"lazy\" class=\"wp-image-97134 size-medium\" src=\"https:\/\/ms-frauenfeld.ac.at\/wordpress\/wp-content\/uploads\/2023\/01\/Freude-300x200.jpg\" alt=\"Quellennachweis: &quot;Bild von manseok Kim auf Pixabay&quot;\" width=\"300\" height=\"200\" srcset=\"https:\/\/ms-frauenfeld.ac.at\/wordpress\/wp-content\/uploads\/2023\/01\/Freude-300x200.jpg 300w, https:\/\/ms-frauenfeld.ac.at\/wordpress\/wp-content\/uploads\/2023\/01\/Freude-644x429.jpg 644w, https:\/\/ms-frauenfeld.ac.at\/wordpress\/wp-content\/uploads\/2023\/01\/Freude-150x100.jpg 150w, https:\/\/ms-frauenfeld.ac.at\/wordpress\/wp-content\/uploads\/2023\/01\/Freude-768x512.jpg 768w, https:\/\/ms-frauenfeld.ac.at\/wordpress\/wp-content\/uploads\/2023\/01\/Freude.jpg 1024w\" sizes=\"(max-width: 300px) 100vw, 300px\" \/><\/a><p id=\"caption-attachment-97134\" class=\"wp-caption-text\">Bild von manseok Kim auf Pixabay<\/p><\/div>\n<div id=\"attachment_97140\" style=\"width: 310px\" class=\"wp-caption alignleft\"><a href=\"https:\/\/ms-frauenfeld.ac.at\/wordpress\/wp-content\/uploads\/2023\/01\/stifte.jpg\"><img aria-describedby=\"caption-attachment-97140\" decoding=\"async\" loading=\"lazy\" class=\"wp-image-97140 size-medium\" src=\"https:\/\/ms-frauenfeld.ac.at\/wordpress\/wp-content\/uploads\/2023\/01\/stifte-300x200.jpg\" alt=\"\" width=\"300\" height=\"200\" srcset=\"https:\/\/ms-frauenfeld.ac.at\/wordpress\/wp-content\/uploads\/2023\/01\/stifte-300x200.jpg 300w, https:\/\/ms-frauenfeld.ac.at\/wordpress\/wp-content\/uploads\/2023\/01\/stifte-644x429.jpg 644w, https:\/\/ms-frauenfeld.ac.at\/wordpress\/wp-content\/uploads\/2023\/01\/stifte-150x100.jpg 150w, https:\/\/ms-frauenfeld.ac.at\/wordpress\/wp-content\/uploads\/2023\/01\/stifte-768x512.jpg 768w, https:\/\/ms-frauenfeld.ac.at\/wordpress\/wp-content\/uploads\/2023\/01\/stifte.jpg 1024w\" sizes=\"(max-width: 300px) 100vw, 300px\" \/><\/a><p id=\"caption-attachment-97140\" class=\"wp-caption-text\">Bild von Lucas Wendt auf Pixabay<\/p><\/div>\n","protected":false},"excerpt":{"rendered":"<p>Sehr geehrte Eltern, sehr geehrte Erziehungsberechtigte! Der Zeitraum f\u00fcr die Anmeldung an unserer Schule ist die Woche nach den Semesterferien und funktioniert folgenderma\u00dfen: Sch\u00fclerinnen und Sch\u00fcler der Schwechater Volksschulen (VS\u2026<\/p>\n<p class=\"continue-reading-button\"> <a class=\"continue-reading-link\" href=\"https:\/\/ms-frauenfeld.ac.at\/wordpress\/schulanmeldung-2023-24\/\">Lesen Sie mehr&#8230;<i class=\"crycon-right-dir\"><\/i><\/a><\/p>\n","protected":false},"author":3,"featured_media":97140,"comment_status":"closed","ping_status":"closed","sticky":false,"template":"","format":"standard","meta":{"footnotes":""},"categories":[1],"tags":[275],"_links":{"self":[{"href":"https:\/\/ms-frauenfeld.ac.at\/wordpress\/wp-json\/wp\/v2\/posts\/97131"}],"collection":[{"href":"https:\/\/ms-frauenfeld.ac.at\/wordpress\/wp-json\/wp\/v2\/posts"}],"about":[{"href":"https:\/\/ms-frauenfeld.ac.at\/wordpress\/wp-json\/wp\/v2\/types\/post"}],"author":[{"embeddable":true,"href":"https:\/\/ms-frauenfeld.ac.at\/wordpress\/wp-json\/wp\/v2\/users\/3"}],"replies":[{"embeddable":true,"href":"https:\/\/ms-frauenfeld.ac.at\/wordpress\/wp-json\/wp\/v2\/comments?post=97131"}],"version-history":[{"count":0,"href":"https:\/\/ms-frauenfeld.ac.at\/wordpress\/wp-json\/wp\/v2\/posts\/97131\/revisions"}],"wp:featuredmedia":[{"embeddable":true,"href":"https:\/\/ms-frauenfeld.ac.at\/wordpress\/wp-json\/wp\/v2\/media\/97140"}],"wp:attachment":[{"href":"https:\/\/ms-frauenfeld.ac.at\/wordpress\/wp-json\/wp\/v2\/media?parent=97131"}],"wp:term":[{"taxonomy":"category","embeddable":true,"href":"https:\/\/ms-frauenfeld.ac.at\/wordpress\/wp-json\/wp\/v2\/categories?post=97131"},{"taxonomy":"post_tag","embeddable":true,"href":"https:\/\/ms-frauenfeld.ac.at\/wordpress\/wp-json\/wp\/v2\/tags?post=97131"}],"curies":[{"name":"wp","href":"https:\/\/api.w.org\/{rel}","templated":true}]}}