{"id":97644,"date":"2024-03-19T09:18:13","date_gmt":"2024-03-19T08:18:13","guid":{"rendered":"https:\/\/ms-frauenfeld.ac.at\/wordpress\/?p=97644"},"modified":"2024-03-19T11:59:14","modified_gmt":"2024-03-19T10:59:14","slug":"programm-fuer-den-vorlesetag","status":"publish","type":"post","link":"https:\/\/ms-frauenfeld.ac.at\/wordpress\/programm-fuer-den-vorlesetag\/","title":{"rendered":"Programm f\u00fcr den Vorlesetag"},"content":{"rendered":"<p>Am 21. M\u00e4rz 2024 findet der \u00f6sterreichische Vorlesetag in allen Schulstufen statt. Unsere Schule befasst sich an diesem Tag mit folgenden Themen:<\/p>\n<table style=\"width: 100%; border-collapse: collapse; border-color: #1fa113; background-color: #ffffff;\">\n<tbody>\n<tr>\n<td style=\"width: 16.6447%; background-color: #9ede8c;\" width=\"155\"><span style=\"font-size: 10pt;\"><strong>Zeit<\/strong><\/span><\/td>\n<td style=\"width: 16.6667%; background-color: #9ede8c;\">1. Klasse<\/td>\n<td style=\"width: 16.6667%; background-color: #9ede8c;\">2. Klasse<\/td>\n<td style=\"width: 16.6667%; background-color: #9ede8c;\">3. Klasse<\/td>\n<td style=\"width: 16.6667%; background-color: #9ede8c;\">4. Klasse<\/td>\n<td style=\"width: 16.6667%; background-color: #9ede8c;\">Deutschf\u00f6rder-Klasse<\/td>\n<\/tr>\n<tr>\n<td style=\"width: 16.6447%; background-color: #9ede8c;\" width=\"155\"><span style=\"font-size: 10pt;\"><strong>07:45 \u2013 08:35<\/strong><\/span><\/td>\n<td style=\"width: 16.6667%;\"><\/td>\n<td style=\"width: 16.6667%;\"><strong><u>2D:<\/u><\/strong> Klassenlekt\u00fcre \u201eVernetzt gehetzt\u201c<\/td>\n<td style=\"width: 16.6667%;\"><strong><u>3C:<\/u><\/strong><\/p>\n<p>Gedichte<\/td>\n<td style=\"width: 16.6667%;\"><strong><u>4C:<\/u><\/strong><\/p>\n<p>Argumentativer Text \u201eW\u00e4hlen mit 16\u201c<\/td>\n<td style=\"width: 16.6667%;\" width=\"169\">Online-Vorlesung zum Thema Bienen<\/td>\n<\/tr>\n<tr>\n<td style=\"width: 16.6447%; background-color: #9ede8c;\" width=\"155\"><span style=\"font-size: 10pt;\"><strong>08:35 \u2013 09:25<\/strong><\/span><\/td>\n<td style=\"width: 16.6667%;\"><strong><u>1B:<\/u><\/strong><\/p>\n<p>Lesetheater<\/td>\n<td style=\"width: 16.6667%;\"><strong><u>2A:<\/u><\/strong><\/p>\n<p>Klassenlekt\u00fcre \u201eVernetzt gehetzt\u201c<\/td>\n<td style=\"width: 16.6667%;\"><\/td>\n<td style=\"width: 16.6667%;\"><\/td>\n<td style=\"width: 16.6667%;\" width=\"169\">Besuch einer Imkerin<\/td>\n<\/tr>\n<tr>\n<td style=\"width: 16.6447%; background-color: #9ede8c;\" width=\"155\"><span style=\"font-size: 10pt;\"><strong>09:30 \u2013 10:20<\/strong><\/span><\/td>\n<td style=\"width: 16.6667%;\"><strong><u>1B:<\/u><\/strong><\/p>\n<p>Lesetheater<\/td>\n<td style=\"width: 16.6667%;\"><strong><u>2A:<\/u><\/strong><\/p>\n<p>Klassenlekt\u00fcre \u201eVernetzt gehetzt\u201c<\/td>\n<td style=\"width: 16.6667%;\"><\/td>\n<td style=\"width: 16.6667%;\"><strong><u>4D:<\/u><\/strong><\/p>\n<p>Argumentativer Text \u201eW\u00e4hlen mit 16\u201c<\/td>\n<td style=\"width: 16.6667%;\">Bienenwerkstatt<\/td>\n<\/tr>\n<tr>\n<td style=\"width: 16.6447%; background-color: #9ede8c;\" width=\"155\"><span style=\"font-size: 10pt;\"><strong>10:35 \u2013 11:25<\/strong><\/span><\/td>\n<td style=\"width: 16.6667%;\"><\/td>\n<td style=\"width: 16.6667%;\"><\/td>\n<td style=\"width: 16.6667%;\"><\/td>\n<td style=\"width: 16.6667%;\"><strong><u>4D:<\/u><\/strong><\/p>\n<p>Argumentativer Text \u201eW\u00e4hlen mit 16\u201c<\/td>\n<td style=\"width: 16.6667%;\">Bienenwerkstatt<\/td>\n<\/tr>\n<tr>\n<td style=\"width: 16.6447%; background-color: #9ede8c;\" width=\"155\"><span style=\"font-size: 10pt;\"><strong>11:30 \u2013 12:20<\/strong><\/span><\/td>\n<td style=\"width: 16.6667%;\"><\/td>\n<td style=\"width: 16.6667%;\"><\/td>\n<td style=\"width: 16.6667%;\"><strong><u>3B:<\/u><\/strong><\/p>\n<p>Gedichte<\/td>\n<td style=\"width: 16.6667%;\"><\/td>\n<td style=\"width: 16.6667%;\">Bienenwerkstatt<\/td>\n<\/tr>\n<\/tbody>\n<\/table>\n<p><strong>\u00a0<\/strong><\/p>\n","protected":false},"excerpt":{"rendered":"<p>Am 21. M\u00e4rz 2024 findet der \u00f6sterreichische Vorlesetag in allen Schulstufen statt. Unsere Schule befasst sich an diesem Tag mit folgenden Themen: Zeit 1. Klasse 2. Klasse 3. Klasse 4.\u2026<\/p>\n<p class=\"continue-reading-button\"> <a class=\"continue-reading-link\" href=\"https:\/\/ms-frauenfeld.ac.at\/wordpress\/programm-fuer-den-vorlesetag\/\">Lesen Sie mehr&#8230;<i class=\"crycon-right-dir\"><\/i><\/a><\/p>\n","protected":false},"author":43,"featured_media":97647,"comment_status":"closed","ping_status":"closed","sticky":false,"template":"","format":"standard","meta":{"footnotes":""},"categories":[1],"tags":[],"_links":{"self":[{"href":"https:\/\/ms-frauenfeld.ac.at\/wordpress\/wp-json\/wp\/v2\/posts\/97644"}],"collection":[{"href":"https:\/\/ms-frauenfeld.ac.at\/wordpress\/wp-json\/wp\/v2\/posts"}],"about":[{"href":"https:\/\/ms-frauenfeld.ac.at\/wordpress\/wp-json\/wp\/v2\/types\/post"}],"author":[{"embeddable":true,"href":"https:\/\/ms-frauenfeld.ac.at\/wordpress\/wp-json\/wp\/v2\/users\/43"}],"replies":[{"embeddable":true,"href":"https:\/\/ms-frauenfeld.ac.at\/wordpress\/wp-json\/wp\/v2\/comments?post=97644"}],"version-history":[{"count":2,"href":"https:\/\/ms-frauenfeld.ac.at\/wordpress\/wp-json\/wp\/v2\/posts\/97644\/revisions"}],"predecessor-version":[{"id":97646,"href":"https:\/\/ms-frauenfeld.ac.at\/wordpress\/wp-json\/wp\/v2\/posts\/97644\/revisions\/97646"}],"wp:featuredmedia":[{"embeddable":true,"href":"https:\/\/ms-frauenfeld.ac.at\/wordpress\/wp-json\/wp\/v2\/media\/97647"}],"wp:attachment":[{"href":"https:\/\/ms-frauenfeld.ac.at\/wordpress\/wp-json\/wp\/v2\/media?parent=97644"}],"wp:term":[{"taxonomy":"category","embeddable":true,"href":"https:\/\/ms-frauenfeld.ac.at\/wordpress\/wp-json\/wp\/v2\/categories?post=97644"},{"taxonomy":"post_tag","embeddable":true,"href":"https:\/\/ms-frauenfeld.ac.at\/wordpress\/wp-json\/wp\/v2\/tags?post=97644"}],"curies":[{"name":"wp","href":"https:\/\/api.w.org\/{rel}","templated":true}]}}