{"id":97673,"date":"2024-10-10T19:56:54","date_gmt":"2024-10-10T17:56:54","guid":{"rendered":"https:\/\/ms-frauenfeld.ac.at\/wordpress\/?p=97673"},"modified":"2025-09-25T18:47:04","modified_gmt":"2025-09-25T16:47:04","slug":"tag-der-offenen-tuer-2024","status":"publish","type":"post","link":"https:\/\/ms-frauenfeld.ac.at\/wordpress\/tag-der-offenen-tuer-2024\/","title":{"rendered":"Tag der offenen T\u00fcr am 28. November 2025"},"content":{"rendered":"<p><span style=\"font-size: 12pt;\">Mit unserem <strong>MINT-Schwerpunkt<\/strong> (Mathematik, Informatik, Naturwissenschaften, Technik) stellen unsere Sch\u00fclerinnen und Sch\u00fcler durch zahlreiche Auszeichnungen ihr K\u00f6nnen unter Beweis und arbeiten eifrig und kreativ an zukunftsorientierten Projekten, als Vorbereitung auf weiterf\u00fchrende Schulen und das (Arbeits)leben.<\/span><\/p>\n<p><span style=\"font-size: 12pt;\">Unsere Sch\u00fclerinnen und Sch\u00fcler werden im <strong>Tutorium<\/strong> von Lehrpersonen in Selbstorganisation, im Zeitmanagement und im richtigen Lernen geschult.<\/span><\/p>\n<p><span style=\"font-size: 12pt;\">Im Rahmen der <strong>Nachmittagsbetreuung<\/strong> bieten wir Lernzeiten \u2013 auch mit Schwerpunktsetzung in D, E, M. In der Freizeit gibt es die M\u00f6glichkeit zu Bewegung und Sport, Basteln, Spielen und individuelle R\u00fcckzugsorte.<\/span><\/p>\n<p><span style=\"font-size: 12pt;\">Gerne informieren wir Sie am<\/span> <span style=\"font-size: 14pt;\"><strong>28.11.2025 <\/strong><span style=\"font-size: 12pt;\">vor Ort<\/span><strong> (zwischen 9 und 12 Uhr)<\/strong><\/span>.<\/p>\n<p>&nbsp;<\/p>\n<p>&nbsp;<\/p>\n<p>&nbsp;<\/p>\n","protected":false},"excerpt":{"rendered":"<p>Mit unserem MINT-Schwerpunkt (Mathematik, Informatik, Naturwissenschaften, Technik) stellen unsere Sch\u00fclerinnen und Sch\u00fcler durch zahlreiche Auszeichnungen ihr K\u00f6nnen unter Beweis und arbeiten eifrig und kreativ an zukunftsorientierten Projekten, als Vorbereitung auf\u2026<\/p>\n<p class=\"continue-reading-button\"> <a class=\"continue-reading-link\" href=\"https:\/\/ms-frauenfeld.ac.at\/wordpress\/tag-der-offenen-tuer-2024\/\">Lesen Sie mehr&#8230;<i class=\"crycon-right-dir\"><\/i><\/a><\/p>\n","protected":false},"author":43,"featured_media":96231,"comment_status":"closed","ping_status":"closed","sticky":false,"template":"","format":"standard","meta":{"footnotes":""},"categories":[349],"tags":[],"_links":{"self":[{"href":"https:\/\/ms-frauenfeld.ac.at\/wordpress\/wp-json\/wp\/v2\/posts\/97673"}],"collection":[{"href":"https:\/\/ms-frauenfeld.ac.at\/wordpress\/wp-json\/wp\/v2\/posts"}],"about":[{"href":"https:\/\/ms-frauenfeld.ac.at\/wordpress\/wp-json\/wp\/v2\/types\/post"}],"author":[{"embeddable":true,"href":"https:\/\/ms-frauenfeld.ac.at\/wordpress\/wp-json\/wp\/v2\/users\/43"}],"replies":[{"embeddable":true,"href":"https:\/\/ms-frauenfeld.ac.at\/wordpress\/wp-json\/wp\/v2\/comments?post=97673"}],"version-history":[{"count":7,"href":"https:\/\/ms-frauenfeld.ac.at\/wordpress\/wp-json\/wp\/v2\/posts\/97673\/revisions"}],"predecessor-version":[{"id":97899,"href":"https:\/\/ms-frauenfeld.ac.at\/wordpress\/wp-json\/wp\/v2\/posts\/97673\/revisions\/97899"}],"wp:featuredmedia":[{"embeddable":true,"href":"https:\/\/ms-frauenfeld.ac.at\/wordpress\/wp-json\/wp\/v2\/media\/96231"}],"wp:attachment":[{"href":"https:\/\/ms-frauenfeld.ac.at\/wordpress\/wp-json\/wp\/v2\/media?parent=97673"}],"wp:term":[{"taxonomy":"category","embeddable":true,"href":"https:\/\/ms-frauenfeld.ac.at\/wordpress\/wp-json\/wp\/v2\/categories?post=97673"},{"taxonomy":"post_tag","embeddable":true,"href":"https:\/\/ms-frauenfeld.ac.at\/wordpress\/wp-json\/wp\/v2\/tags?post=97673"}],"curies":[{"name":"wp","href":"https:\/\/api.w.org\/{rel}","templated":true}]}}