{"id":97929,"date":"2025-11-25T17:18:11","date_gmt":"2025-11-25T16:18:11","guid":{"rendered":"https:\/\/ms-frauenfeld.ac.at\/wordpress\/?p=97929"},"modified":"2025-11-25T17:18:11","modified_gmt":"2025-11-25T16:18:11","slug":"vorbereitungen-fuer-den-tag-der-offenen-tuer","status":"publish","type":"post","link":"https:\/\/ms-frauenfeld.ac.at\/wordpress\/vorbereitungen-fuer-den-tag-der-offenen-tuer\/","title":{"rendered":"Vorbereitungen f\u00fcr den Tag der offenen T\u00fcr"},"content":{"rendered":"<p><span style=\"font-size: 12pt;\">In unserer Schulk\u00fcche laufen die Vorbereitungen auf Hochtouren.<\/span><\/p>\n<p><span style=\"font-size: 12pt;\">Die Sch\u00fclerinnen und Sch\u00fcler der 2. und 3. Klassen backen derzeit mit viel Engagement und Sorgfalt kleine Brotwichtel, die am Tag der offenen T\u00fcr an alle Kinder verteilt werden, die unsere Schule besuchen.\u00a0<\/span><\/p>\n<p><span style=\"font-size: 12pt;\">Von Formen des Teiges bis zum Einschieben in den Ofen &#8211; die Klassen arbeiten mit gro\u00dfer Freude daran, den G\u00e4sten eine kleine, selbstgemachte \u00dcberraschung mitzugeben. Jeder Brotwichtel ist ein Unikat und zeigt, wie viel Kreativit\u00e4t und Teamarbeit in der K\u00fcche steckt.\u00a0<\/span><\/p>\n<p><span style=\"font-size: 12pt;\">Wir freuen uns sehr auf den Tag der offenen T\u00fcr und darauf, viele neugierige Kinder und Familien an unserer Schule begr\u00fc\u00dfen zu d\u00fcrfen.<\/span><\/p>\n<p><img decoding=\"async\" loading=\"lazy\" class=\"alignnone size-medium wp-image-97930\" src=\"https:\/\/ms-frauenfeld.ac.at\/wordpress\/wp-content\/uploads\/2025\/11\/WhatsApp-Image-2025-11-23-at-17.42.21-225x300.jpeg\" alt=\"\" width=\"225\" height=\"300\" srcset=\"https:\/\/ms-frauenfeld.ac.at\/wordpress\/wp-content\/uploads\/2025\/11\/WhatsApp-Image-2025-11-23-at-17.42.21-225x300.jpeg 225w, https:\/\/ms-frauenfeld.ac.at\/wordpress\/wp-content\/uploads\/2025\/11\/WhatsApp-Image-2025-11-23-at-17.42.21-644x859.jpeg 644w, https:\/\/ms-frauenfeld.ac.at\/wordpress\/wp-content\/uploads\/2025\/11\/WhatsApp-Image-2025-11-23-at-17.42.21-113x150.jpeg 113w, https:\/\/ms-frauenfeld.ac.at\/wordpress\/wp-content\/uploads\/2025\/11\/WhatsApp-Image-2025-11-23-at-17.42.21-250x333.jpeg 250w, https:\/\/ms-frauenfeld.ac.at\/wordpress\/wp-content\/uploads\/2025\/11\/WhatsApp-Image-2025-11-23-at-17.42.21.jpeg 768w\" sizes=\"(max-width: 225px) 100vw, 225px\" \/> <img decoding=\"async\" loading=\"lazy\" class=\"alignnone size-medium wp-image-97931\" src=\"https:\/\/ms-frauenfeld.ac.at\/wordpress\/wp-content\/uploads\/2025\/11\/Vorbereitung-2-225x300.jpeg\" alt=\"\" width=\"225\" height=\"300\" srcset=\"https:\/\/ms-frauenfeld.ac.at\/wordpress\/wp-content\/uploads\/2025\/11\/Vorbereitung-2-225x300.jpeg 225w, https:\/\/ms-frauenfeld.ac.at\/wordpress\/wp-content\/uploads\/2025\/11\/Vorbereitung-2-644x859.jpeg 644w, https:\/\/ms-frauenfeld.ac.at\/wordpress\/wp-content\/uploads\/2025\/11\/Vorbereitung-2-113x150.jpeg 113w, https:\/\/ms-frauenfeld.ac.at\/wordpress\/wp-content\/uploads\/2025\/11\/Vorbereitung-2-250x333.jpeg 250w, https:\/\/ms-frauenfeld.ac.at\/wordpress\/wp-content\/uploads\/2025\/11\/Vorbereitung-2.jpeg 768w\" sizes=\"(max-width: 225px) 100vw, 225px\" \/> <img decoding=\"async\" loading=\"lazy\" class=\"alignnone  wp-image-97932\" src=\"https:\/\/ms-frauenfeld.ac.at\/wordpress\/wp-content\/uploads\/2025\/11\/Vorbereitung-3-300x225.jpeg\" alt=\"\" width=\"338\" height=\"254\" srcset=\"https:\/\/ms-frauenfeld.ac.at\/wordpress\/wp-content\/uploads\/2025\/11\/Vorbereitung-3-300x225.jpeg 300w, https:\/\/ms-frauenfeld.ac.at\/wordpress\/wp-content\/uploads\/2025\/11\/Vorbereitung-3-644x483.jpeg 644w, https:\/\/ms-frauenfeld.ac.at\/wordpress\/wp-content\/uploads\/2025\/11\/Vorbereitung-3-150x113.jpeg 150w, https:\/\/ms-frauenfeld.ac.at\/wordpress\/wp-content\/uploads\/2025\/11\/Vorbereitung-3-768x576.jpeg 768w, https:\/\/ms-frauenfeld.ac.at\/wordpress\/wp-content\/uploads\/2025\/11\/Vorbereitung-3-250x188.jpeg 250w, https:\/\/ms-frauenfeld.ac.at\/wordpress\/wp-content\/uploads\/2025\/11\/Vorbereitung-3.jpeg 1024w\" sizes=\"(max-width: 338px) 100vw, 338px\" \/> <img decoding=\"async\" loading=\"lazy\" class=\"alignnone size-medium wp-image-97933\" src=\"https:\/\/ms-frauenfeld.ac.at\/wordpress\/wp-content\/uploads\/2025\/11\/Vorbereitung-4-225x300.jpeg\" alt=\"\" width=\"225\" height=\"300\" srcset=\"https:\/\/ms-frauenfeld.ac.at\/wordpress\/wp-content\/uploads\/2025\/11\/Vorbereitung-4-225x300.jpeg 225w, https:\/\/ms-frauenfeld.ac.at\/wordpress\/wp-content\/uploads\/2025\/11\/Vorbereitung-4-644x859.jpeg 644w, https:\/\/ms-frauenfeld.ac.at\/wordpress\/wp-content\/uploads\/2025\/11\/Vorbereitung-4-113x150.jpeg 113w, https:\/\/ms-frauenfeld.ac.at\/wordpress\/wp-content\/uploads\/2025\/11\/Vorbereitung-4-250x333.jpeg 250w, https:\/\/ms-frauenfeld.ac.at\/wordpress\/wp-content\/uploads\/2025\/11\/Vorbereitung-4.jpeg 768w\" sizes=\"(max-width: 225px) 100vw, 225px\" \/> <img decoding=\"async\" loading=\"lazy\" class=\"alignnone size-medium wp-image-97934\" src=\"https:\/\/ms-frauenfeld.ac.at\/wordpress\/wp-content\/uploads\/2025\/11\/Vorbereitung-5-225x300.jpeg\" alt=\"\" width=\"225\" height=\"300\" srcset=\"https:\/\/ms-frauenfeld.ac.at\/wordpress\/wp-content\/uploads\/2025\/11\/Vorbereitung-5-225x300.jpeg 225w, https:\/\/ms-frauenfeld.ac.at\/wordpress\/wp-content\/uploads\/2025\/11\/Vorbereitung-5-644x859.jpeg 644w, https:\/\/ms-frauenfeld.ac.at\/wordpress\/wp-content\/uploads\/2025\/11\/Vorbereitung-5-113x150.jpeg 113w, https:\/\/ms-frauenfeld.ac.at\/wordpress\/wp-content\/uploads\/2025\/11\/Vorbereitung-5-250x333.jpeg 250w, https:\/\/ms-frauenfeld.ac.at\/wordpress\/wp-content\/uploads\/2025\/11\/Vorbereitung-5.jpeg 768w\" sizes=\"(max-width: 225px) 100vw, 225px\" \/><\/p>\n","protected":false},"excerpt":{"rendered":"<p>In unserer Schulk\u00fcche laufen die Vorbereitungen auf Hochtouren. Die Sch\u00fclerinnen und Sch\u00fcler der 2. und 3. Klassen backen derzeit mit viel Engagement und Sorgfalt kleine Brotwichtel, die am Tag der\u2026<\/p>\n<p class=\"continue-reading-button\"> <a class=\"continue-reading-link\" href=\"https:\/\/ms-frauenfeld.ac.at\/wordpress\/vorbereitungen-fuer-den-tag-der-offenen-tuer\/\">Lesen Sie mehr&#8230;<i class=\"crycon-right-dir\"><\/i><\/a><\/p>\n","protected":false},"author":44,"featured_media":97931,"comment_status":"closed","ping_status":"closed","sticky":false,"template":"","format":"standard","meta":{"footnotes":""},"categories":[1],"tags":[],"_links":{"self":[{"href":"https:\/\/ms-frauenfeld.ac.at\/wordpress\/wp-json\/wp\/v2\/posts\/97929"}],"collection":[{"href":"https:\/\/ms-frauenfeld.ac.at\/wordpress\/wp-json\/wp\/v2\/posts"}],"about":[{"href":"https:\/\/ms-frauenfeld.ac.at\/wordpress\/wp-json\/wp\/v2\/types\/post"}],"author":[{"embeddable":true,"href":"https:\/\/ms-frauenfeld.ac.at\/wordpress\/wp-json\/wp\/v2\/users\/44"}],"replies":[{"embeddable":true,"href":"https:\/\/ms-frauenfeld.ac.at\/wordpress\/wp-json\/wp\/v2\/comments?post=97929"}],"version-history":[{"count":2,"href":"https:\/\/ms-frauenfeld.ac.at\/wordpress\/wp-json\/wp\/v2\/posts\/97929\/revisions"}],"predecessor-version":[{"id":97936,"href":"https:\/\/ms-frauenfeld.ac.at\/wordpress\/wp-json\/wp\/v2\/posts\/97929\/revisions\/97936"}],"wp:featuredmedia":[{"embeddable":true,"href":"https:\/\/ms-frauenfeld.ac.at\/wordpress\/wp-json\/wp\/v2\/media\/97931"}],"wp:attachment":[{"href":"https:\/\/ms-frauenfeld.ac.at\/wordpress\/wp-json\/wp\/v2\/media?parent=97929"}],"wp:term":[{"taxonomy":"category","embeddable":true,"href":"https:\/\/ms-frauenfeld.ac.at\/wordpress\/wp-json\/wp\/v2\/categories?post=97929"},{"taxonomy":"post_tag","embeddable":true,"href":"https:\/\/ms-frauenfeld.ac.at\/wordpress\/wp-json\/wp\/v2\/tags?post=97929"}],"curies":[{"name":"wp","href":"https:\/\/api.w.org\/{rel}","templated":true}]}}